{"id":32875,"date":"2018-09-10T11:08:40","date_gmt":"2018-09-10T14:08:40","guid":{"rendered":"https:\/\/www.actualidadadiario.com\/?p=32875"},"modified":"2018-11-06T19:38:08","modified_gmt":"2018-11-06T22:38:08","slug":"ara-san-juan-en-10-dias-habra-novedades-sobre-el-hundimiento-del-submarino","status":"publish","type":"post","link":"https:\/\/www.actualidadadiario.com\/index.php\/2018\/09\/10\/ara-san-juan-en-10-dias-habra-novedades-sobre-el-hundimiento-del-submarino\/","title":{"rendered":"ARA San Juan: &#8220;En 10 d\u00edas habr\u00e1 novedades sobre el hundimiento del submarino&#8221;"},"content":{"rendered":"<p><em><strong>As\u00ed lo anticip\u00f3 Oscar Aguad, quien se mostr\u00f3 confiado en el trabajo de la jueza federal de Caleta Olivia Marta Y\u00e1\u00f1ez, que investiga la desaparici\u00f3n de la nave<\/strong><\/em><\/p>\n<p>&nbsp;<\/p>\n<p>&nbsp;<\/p>\n<p>&nbsp;<\/p>\n<p>&nbsp;<\/p>\n<p>El ministro de Defensa, Oscar Aguad, anticip\u00f3 que &#8220;en 10 d\u00edas&#8221; habr\u00e1 &#8220;novedades&#8221; sobre el hundimiento del submarino ARA San Juan, luego de que comenzaran los rastrillajes en la zona donde se perdi\u00f3 contacto con la embarcaci\u00f3n.<\/p>\n<p>&nbsp;<\/p>\n<p>&#8220;El s\u00e1bado tuvimos los primeros reportes, empez\u00f3 la tarea y ahora hay que esperar. En 10 d\u00edas vamos a tener novedades sobre el ARA San Juan, hemos recogido mucha informaci\u00f3n que le pasamos a una empresa que contratamos para la b\u00fasqueda&#8221;, explic\u00f3 el funcionario. En declaraciones a La Once Diez, Aguad se mostr\u00f3 confiado en el trabajo de la jueza federal de Caleta Olivia Marta Y\u00e1\u00f1ez, quien investiga la desaparici\u00f3n de submarino, aunque advirti\u00f3 que ser\u00e1 &#8220;muy dif\u00edcil determinar las causas del hundimiento&#8221;.<\/p>\n<p>&nbsp;<\/p>\n<p>&#8220;Creo que la Jueza que investiga la desaparici\u00f3n ha hecho un gran trabajo, pero es muy dif\u00edcil trabajar a ciegas. Ac\u00e1 no hay caja negra ni est\u00e1 el submarino, por ende es muy dif\u00edcil determinar las causas del hundimiento&#8221;, subray\u00f3.<\/p>\n<p>&nbsp;<\/p>\n<p>Por su parte, el buque noruego Seabed Constructor, a cargo de la firma Ocean Infinity, emiti\u00f3 el primer parte de la b\u00fasqueda de la nave en el mar para informar que ya fueron sumergidas dos de las cinco naves aut\u00f3nomas AUV y que est\u00e1n operando &#8220;normalmente&#8221; en el operativo.<\/p>\n<p>&nbsp;<\/p>\n<p>Seg\u00fan el comunicado, el primer AUV se sumergi\u00f3 a las 19.30 del viernes y est\u00e1 &#8220;trabajando normalmente&#8221;. Sin embargo, tuvieron varios intentos fallidos con el resto. El s\u00e1bado a las 10.45 intentaron utilizar el segundo, pero &#8220;hubo que recuperarlo de inmediato por un problema mec\u00e1nico&#8221;.<\/p>\n<p>&nbsp;<\/p>\n<p>Pocos minutos despu\u00e9s, volvieron a probar, pero tuvieron que recuperarlo en la madrugada del domingo por &#8220;un problema de comunicaci\u00f3n&#8221;. Esta misma falla la tuvieron con otro dispositivo, al que ni siquiera llegaron a sumergir porque detectaron el inconveniente a bordo. Una vez que lograron solucionar el desperfecto que ten\u00eda la antena del puente de mando, pudieron descenderlo.<\/p>\n<p>&nbsp;<\/p>\n<p>Por otra parte, consultado sobre el Presupuesto que le tocar\u00eda al \u00e1rea de Defensa para hacer frente a los gastos del a\u00f1o que viene, Aguad dijo que desde su cartera se est\u00e1n &#8220;realizando tareas que pueden significar un achicamiento en el n\u00famero de establecimientos militares, porque hay una reconversi\u00f3n del aparato militar para adaptarlo a los tiempos&#8221; que corren. &#8220;No est\u00e1n previstos despidos, pero s\u00ed menos ingresos en el futuro&#8221;, aclar\u00f3.<\/p>\n","protected":false},"excerpt":{"rendered":"<p>As\u00ed lo anticip\u00f3 Oscar Aguad, quien se mostr\u00f3 confiado en el trabajo de la jueza federal de Caleta Olivia Marta Y\u00e1\u00f1ez, que investiga la desaparici\u00f3n de la nave &nbsp; &nbsp; &nbsp; &nbsp; El ministro de Defensa, Oscar Aguad, anticip\u00f3 que &#8220;en 10 d\u00edas&#8221; habr\u00e1 &#8220;novedades&#8221; sobre el hundimiento del submarino ARA San Juan, luego de que comenzaran los rastrillajes en la zona donde se perdi\u00f3 contacto con la embarcaci\u00f3n. &nbsp; &#8220;El s\u00e1bado tuvimos los primeros reportes, empez\u00f3 la tarea y ahora hay que esperar. En 10 d\u00edas vamos a tener&#8230;<\/p>\n","protected":false},"author":3,"featured_media":32876,"comment_status":"closed","ping_status":"closed","sticky":false,"template":"","format":"standard","meta":[],"categories":[2],"tags":[],"_links":{"self":[{"href":"https:\/\/www.actualidadadiario.com\/index.php\/wp-json\/wp\/v2\/posts\/32875"}],"collection":[{"href":"https:\/\/www.actualidadadiario.com\/index.php\/wp-json\/wp\/v2\/posts"}],"about":[{"href":"https:\/\/www.actualidadadiario.com\/index.php\/wp-json\/wp\/v2\/types\/post"}],"author":[{"embeddable":true,"href":"https:\/\/www.actualidadadiario.com\/index.php\/wp-json\/wp\/v2\/users\/3"}],"replies":[{"embeddable":true,"href":"https:\/\/www.actualidadadiario.com\/index.php\/wp-json\/wp\/v2\/comments?post=32875"}],"version-history":[{"count":1,"href":"https:\/\/www.actualidadadiario.com\/index.php\/wp-json\/wp\/v2\/posts\/32875\/revisions"}],"predecessor-version":[{"id":32877,"href":"https:\/\/www.actualidadadiario.com\/index.php\/wp-json\/wp\/v2\/posts\/32875\/revisions\/32877"}],"wp:featuredmedia":[{"embeddable":true,"href":"https:\/\/www.actualidadadiario.com\/index.php\/wp-json\/wp\/v2\/media\/32876"}],"wp:attachment":[{"href":"https:\/\/www.actualidadadiario.com\/index.php\/wp-json\/wp\/v2\/media?parent=32875"}],"wp:term":[{"taxonomy":"category","embeddable":true,"href":"https:\/\/www.actualidadadiario.com\/index.php\/wp-json\/wp\/v2\/categories?post=32875"},{"taxonomy":"post_tag","embeddable":true,"href":"https:\/\/www.actualidadadiario.com\/index.php\/wp-json\/wp\/v2\/tags?post=32875"}],"curies":[{"name":"wp","href":"https:\/\/api.w.org\/{rel}","templated":true}]}}