{"id":3287,"date":"2016-10-25T10:18:12","date_gmt":"2016-10-25T13:18:12","guid":{"rendered":"http:\/\/actualidadadiario.com\/site\/?p=3287"},"modified":"2016-10-25T10:18:12","modified_gmt":"2016-10-25T13:18:12","slug":"carlotto-rozanski-estuvo-obligado-a-renunciar-y-senalo-a-piumato-por-perseguirlo","status":"publish","type":"post","link":"https:\/\/www.actualidadadiario.com\/index.php\/2016\/10\/25\/carlotto-rozanski-estuvo-obligado-a-renunciar-y-senalo-a-piumato-por-perseguirlo\/","title":{"rendered":"Carlotto: Rozanski estuvo \u201cobligado a renunciar\u201d y se\u00f1al\u00f3 a Piumato por \u201cperseguirlo\u201d"},"content":{"rendered":"<p><em><strong>La presidenta de la Asociaci\u00f3n Abuelas de Plaza de Mayo destac\u00f3 la labor del juez platense en juicios de lesa humanidad y asegur\u00f3 que el gremialista \u201clo persigui\u00f3 y consigui\u00f3 el objetivo\u201d<\/strong><\/em><\/p>\n<p>&nbsp;<\/p>\n<p>&nbsp;<\/p>\n<p>&nbsp;<\/p>\n<p>&nbsp;<\/p>\n<p>La titular de Abuelas de Plaza de Mayo, Estela de Carlotto, lament\u00f3 la renuncia del juez Carlos Rozanski, quien conden\u00f3 a represores de la \u00faltima dictadura c\u00edvica-milita por delitos cometidos en el marco de un \u201cgenocidio\u201d, y asegur\u00f3 que estuvo \u201cobligado a renunciar\u201d.<\/p>\n<p>&nbsp;<\/p>\n<p>\u201cEs una triste y lamentable noticia, que este juez que es comprometido, trabajador, se haya visto obligado a renunciar por las presiones, las amenazas, todo esto que derrumba a una persona, m\u00e1s que nada protegiendo a su familia\u201d, lanz\u00f3 Carlotto en declaraciones a FM CIELO.<\/p>\n<p>&nbsp;<\/p>\n<p>Carlotto apunt\u00f3 directamente a Julio Piumato, titular de la Uni\u00f3n de Empleados de la Justicia de la Naci\u00f3n (UEJN), quien denunci\u00f3 a Rozanski por supuesto \u201cmaltrato laboral\u201d ante el Consejo de la Magistratura. \u201cFue el triunfo de quienes no debieran existir, pero lamentablemente\u2026pienso que Piumato estar\u00e1 feliz porque \u00e9l ha sido uno de los promotores de estas cuestiones desde hace muchos a\u00f1os. Lo persigui\u00f3 y consigui\u00f3 el objetivo. No s\u00e9 a qu\u00e9 m\u00e1s aspirar\u00e1 este personaje\u201d, asegur\u00f3.<\/p>\n<p>&nbsp;<\/p>\n<p>\u201cTodos tratamos de ayudarlo, protegerlo, estar al lado de \u00e9l con nuestra demanda visible, pero se ve que estuvo demasiado acosado\u201d, dijo la titular de Abuelas y agreg\u00f3 que \u201cla persecuci\u00f3n es de hace a\u00f1os\u201d. En ese sentido, descart\u00f3 la posibilidad de que el supuesto maltrato haya sido la raz\u00f3n de la denuncia y sostuvo que el magistrado \u201ctiene car\u00e1cter\u201d, pero \u201ceso no significa ser una mala persona ni un delincuente\u201d.<\/p>\n<p>&nbsp;<\/p>\n<p>\u201cEs muy sucio todo, son persecuciones ideol\u00f3gicas para que estas personas que son buenos jueces y avanzan, deben ser sacados. Con (la procuradora Alejandra) Gils Carb\u00f3 est\u00e1 pasando lo mismo\u201d, concluy\u00f3.<\/p>\n","protected":false},"excerpt":{"rendered":"<p>La presidenta de la Asociaci\u00f3n Abuelas de Plaza de Mayo destac\u00f3 la labor del juez platense en juicios de lesa humanidad y asegur\u00f3 que el gremialista \u201clo persigui\u00f3 y consigui\u00f3 el objetivo\u201d &nbsp; &nbsp; &nbsp; &nbsp; La titular de Abuelas de Plaza de Mayo, Estela de Carlotto, lament\u00f3 la renuncia del juez Carlos Rozanski, quien conden\u00f3 a represores de la \u00faltima dictadura c\u00edvica-milita por delitos cometidos en el marco de un \u201cgenocidio\u201d, y asegur\u00f3 que estuvo \u201cobligado a renunciar\u201d. &nbsp; \u201cEs una triste y lamentable noticia, que este juez que&#8230;<\/p>\n","protected":false},"author":3,"featured_media":3040,"comment_status":"closed","ping_status":"closed","sticky":false,"template":"","format":"standard","meta":[],"categories":[18],"tags":[],"_links":{"self":[{"href":"https:\/\/www.actualidadadiario.com\/index.php\/wp-json\/wp\/v2\/posts\/3287"}],"collection":[{"href":"https:\/\/www.actualidadadiario.com\/index.php\/wp-json\/wp\/v2\/posts"}],"about":[{"href":"https:\/\/www.actualidadadiario.com\/index.php\/wp-json\/wp\/v2\/types\/post"}],"author":[{"embeddable":true,"href":"https:\/\/www.actualidadadiario.com\/index.php\/wp-json\/wp\/v2\/users\/3"}],"replies":[{"embeddable":true,"href":"https:\/\/www.actualidadadiario.com\/index.php\/wp-json\/wp\/v2\/comments?post=3287"}],"version-history":[{"count":1,"href":"https:\/\/www.actualidadadiario.com\/index.php\/wp-json\/wp\/v2\/posts\/3287\/revisions"}],"predecessor-version":[{"id":3288,"href":"https:\/\/www.actualidadadiario.com\/index.php\/wp-json\/wp\/v2\/posts\/3287\/revisions\/3288"}],"wp:featuredmedia":[{"embeddable":true,"href":"https:\/\/www.actualidadadiario.com\/index.php\/wp-json\/wp\/v2\/media\/3040"}],"wp:attachment":[{"href":"https:\/\/www.actualidadadiario.com\/index.php\/wp-json\/wp\/v2\/media?parent=3287"}],"wp:term":[{"taxonomy":"category","embeddable":true,"href":"https:\/\/www.actualidadadiario.com\/index.php\/wp-json\/wp\/v2\/categories?post=3287"},{"taxonomy":"post_tag","embeddable":true,"href":"https:\/\/www.actualidadadiario.com\/index.php\/wp-json\/wp\/v2\/tags?post=3287"}],"curies":[{"name":"wp","href":"https:\/\/api.w.org\/{rel}","templated":true}]}}