{"id":32869,"date":"2018-09-10T11:07:02","date_gmt":"2018-09-10T14:07:02","guid":{"rendered":"https:\/\/www.actualidadadiario.com\/?p=32869"},"modified":"2018-11-06T19:38:08","modified_gmt":"2018-11-06T22:38:08","slug":"adelantaron-la-reunion-con-agmer","status":"publish","type":"post","link":"https:\/\/www.actualidadadiario.com\/index.php\/2018\/09\/10\/adelantaron-la-reunion-con-agmer\/","title":{"rendered":"Adelantaron la reuni\u00f3n con Agmer"},"content":{"rendered":"<p><em><strong>El Gobierno de Entre R\u00edos decidi\u00f3 adelantar el encuentro con Agmer para este lunes a las 11 con el fin de retomar las negociaciones salariales, informaron fuentes sindicales. La eventual propuesta que presente el Ejecutivo ser\u00e1 puesta a consideraci\u00f3n en el congreso del viernes 14<\/strong><\/em><\/p>\n<p>&nbsp;<\/p>\n<p>&nbsp;<\/p>\n<p>&nbsp;<\/p>\n<p>La Comisi\u00f3n Directiva Central ven\u00eda planteando la necesidad de ser convocada con los tiempos suficientes para permitir que los avances de las negociaciones con el Gobierno puedan ser debatidas en las Asambleas Escolares y Resolutivas, de cara al Congreso Extraordinario que se realizar\u00e1 este 14 de septiembre en Villaguay.<\/p>\n<p>&nbsp;<\/p>\n<p>La reuni\u00f3n estaba prevista para el jueves 13, pero el Gobierno la adelant\u00f3: \u201cEn respuesta a esta demanda el Poder Ejecutivo provincial decidi\u00f3 adelantar la convocatoria\u201d, anunci\u00f3 el sindicato docente, que espera que \u201cen el encuentro de este lunes el Gobierno realice una propuesta de actualizaci\u00f3n salarial que d\u00e9 respuestas al acuerdo paritario donde las partes acordaron discutir la actualizaci\u00f3n del salario cuando la inflaci\u00f3n superara la pauta acordada\u201d.<\/p>\n","protected":false},"excerpt":{"rendered":"<p>El Gobierno de Entre R\u00edos decidi\u00f3 adelantar el encuentro con Agmer para este lunes a las 11 con el fin de retomar las negociaciones salariales, informaron fuentes sindicales. La eventual propuesta que presente el Ejecutivo ser\u00e1 puesta a consideraci\u00f3n en el congreso del viernes 14 &nbsp; &nbsp; &nbsp; La Comisi\u00f3n Directiva Central ven\u00eda planteando la necesidad de ser convocada con los tiempos suficientes para permitir que los avances de las negociaciones con el Gobierno puedan ser debatidas en las Asambleas Escolares y Resolutivas, de cara al Congreso Extraordinario que se&#8230;<\/p>\n","protected":false},"author":3,"featured_media":32870,"comment_status":"closed","ping_status":"closed","sticky":false,"template":"","format":"standard","meta":[],"categories":[15],"tags":[],"_links":{"self":[{"href":"https:\/\/www.actualidadadiario.com\/index.php\/wp-json\/wp\/v2\/posts\/32869"}],"collection":[{"href":"https:\/\/www.actualidadadiario.com\/index.php\/wp-json\/wp\/v2\/posts"}],"about":[{"href":"https:\/\/www.actualidadadiario.com\/index.php\/wp-json\/wp\/v2\/types\/post"}],"author":[{"embeddable":true,"href":"https:\/\/www.actualidadadiario.com\/index.php\/wp-json\/wp\/v2\/users\/3"}],"replies":[{"embeddable":true,"href":"https:\/\/www.actualidadadiario.com\/index.php\/wp-json\/wp\/v2\/comments?post=32869"}],"version-history":[{"count":1,"href":"https:\/\/www.actualidadadiario.com\/index.php\/wp-json\/wp\/v2\/posts\/32869\/revisions"}],"predecessor-version":[{"id":32871,"href":"https:\/\/www.actualidadadiario.com\/index.php\/wp-json\/wp\/v2\/posts\/32869\/revisions\/32871"}],"wp:featuredmedia":[{"embeddable":true,"href":"https:\/\/www.actualidadadiario.com\/index.php\/wp-json\/wp\/v2\/media\/32870"}],"wp:attachment":[{"href":"https:\/\/www.actualidadadiario.com\/index.php\/wp-json\/wp\/v2\/media?parent=32869"}],"wp:term":[{"taxonomy":"category","embeddable":true,"href":"https:\/\/www.actualidadadiario.com\/index.php\/wp-json\/wp\/v2\/categories?post=32869"},{"taxonomy":"post_tag","embeddable":true,"href":"https:\/\/www.actualidadadiario.com\/index.php\/wp-json\/wp\/v2\/tags?post=32869"}],"curies":[{"name":"wp","href":"https:\/\/api.w.org\/{rel}","templated":true}]}}