{"id":32866,"date":"2018-09-10T11:04:58","date_gmt":"2018-09-10T14:04:58","guid":{"rendered":"https:\/\/www.actualidadadiario.com\/?p=32866"},"modified":"2018-11-06T19:38:08","modified_gmt":"2018-11-06T22:38:08","slug":"el-gobierno-recibe-este-lunes-a-los-gremios-estatales","status":"publish","type":"post","link":"https:\/\/www.actualidadadiario.com\/index.php\/2018\/09\/10\/el-gobierno-recibe-este-lunes-a-los-gremios-estatales\/","title":{"rendered":"El Gobierno recibe este lunes a los gremios estatales"},"content":{"rendered":"<p><em><strong>El Gobierno provincial convoc\u00f3 a los gremios estatales UPCN y ATE para el 10 de septiembre. La reuni\u00f3n ser\u00e1 en la Secretar\u00eda de Hacienda a los efectos de determinar la pauta salarial hasta el 31 de diciembre<\/strong><\/em><\/p>\n<p>&nbsp;<\/p>\n<p>&nbsp;<\/p>\n<p>&nbsp;<\/p>\n<p>&nbsp;<\/p>\n<p>Tras el pedido de ambos gremios estatales (UPCN y ATE) al Gobierno para que reabra la paritaria salarial, finalmente el Ejecutivo provincial los convoc\u00f3 para este lunes a las 11 en la Secretar\u00eda de Hacienda de la Provincia.<\/p>\n<p>&nbsp;<\/p>\n<p>La convocatoria es para \u201cestablecer la determinaci\u00f3n y aplicaci\u00f3n de la pauta salarial hasta el 31 de diciembre\u201d, se lee en la resoluci\u00f3n.<\/p>\n<p>&nbsp;<\/p>\n<p>La paritaria del sector se hab\u00eda cerrado en un 19 por ciento, pero como la inflaci\u00f3n super\u00f3 ese porcentaje los gremios solicitaron que se abra la discusi\u00f3n.<\/p>\n<p>&nbsp;<\/p>\n<p>El secretario de Prensa de ATE, Esteban Olar\u00e1n, adelant\u00f3 que plantear\u00e1n una actualizaci\u00f3n mensual autom\u00e1tica del salario acorde a los \u00edndices de inflaci\u00f3n del Indec, para evitar que se siga perdiendo poder adquisitivo como consecuencia de la inestabilidad en la que se encuentra el pa\u00eds.<\/p>\n<p>&nbsp;<\/p>\n<p>El dirigente record\u00f3 que la paritaria fij\u00f3 la discusi\u00f3n para el segundo semestre y, en ese momento, el gobierno dec\u00eda que \u201chab\u00eda previsibilidad, aunque nosotros nunca lo cre\u00edmos\u201d. Lo sucedido despu\u00e9s, la suba del d\u00f3lar y la inflaci\u00f3n, puso en alerta a los trabajadores que creen que \u201ces imposible pensar de ac\u00e1 a seis meses\u201d.<\/p>\n<p>&nbsp;<\/p>\n<p>\u201cLo que estamos discutiendo es ver de qu\u00e9 manera se puede instrumentar una actualizaci\u00f3n autom\u00e1tica acorde a los \u00edndices inflacionarios del Indec cuando salga mensualmente, es decir que la provincia actualice los salarios acorde a eso\u201d, explic\u00f3 Olar\u00e1n y record\u00f3: \u201cVimos que en menos de dos meses el d\u00f3lar casi se duplic\u00f3, la inflaci\u00f3n que iba a ser del 15, despu\u00e9s del 23, pas\u00f3 a estar en una previsi\u00f3n de 42 y vemos todos los meses, cada vez que el Indec saca los \u00edndices de inflaci\u00f3n, que va subiendo. Entonces es muy dif\u00edcil poder discutir una pauta inflacionaria de ac\u00e1 a fin de a\u00f1o para el salario\u201d.<\/p>\n<p>&nbsp;<\/p>\n<p>El dirigente sostuvo que \u201cpor m\u00e1s anuncios que hagan, no pueden parar el d\u00f3lar, ni la inflaci\u00f3n\u201d, incluso opin\u00f3 que los \u00edndices del Indec no reflejan acabadamente el consumo del trabajador. \u201cHay un mont\u00f3n de productos que est\u00e1n de la medici\u00f3n del Indec que la mayor\u00eda de los trabajadores no consume, entonces vemos que la inflaci\u00f3n para nosotros es m\u00e1s alta\u201d.<\/p>\n<p>&nbsp;<\/p>\n<p>Aun as\u00ed, entendi\u00f3 que \u201ccon lograr hacer una incorporaci\u00f3n mensual de lo que el Indec va planteando no estar\u00edamos, por lo menos, perdiendo m\u00e1s poder adquisitivo del que hemos perdido hasta hoy\u201d.<\/p>\n","protected":false},"excerpt":{"rendered":"<p>El Gobierno provincial convoc\u00f3 a los gremios estatales UPCN y ATE para el 10 de septiembre. La reuni\u00f3n ser\u00e1 en la Secretar\u00eda de Hacienda a los efectos de determinar la pauta salarial hasta el 31 de diciembre &nbsp; &nbsp; &nbsp; &nbsp; Tras el pedido de ambos gremios estatales (UPCN y ATE) al Gobierno para que reabra la paritaria salarial, finalmente el Ejecutivo provincial los convoc\u00f3 para este lunes a las 11 en la Secretar\u00eda de Hacienda de la Provincia. &nbsp; La convocatoria es para \u201cestablecer la determinaci\u00f3n y aplicaci\u00f3n de&#8230;<\/p>\n","protected":false},"author":3,"featured_media":32867,"comment_status":"closed","ping_status":"closed","sticky":false,"template":"","format":"standard","meta":[],"categories":[15],"tags":[],"_links":{"self":[{"href":"https:\/\/www.actualidadadiario.com\/index.php\/wp-json\/wp\/v2\/posts\/32866"}],"collection":[{"href":"https:\/\/www.actualidadadiario.com\/index.php\/wp-json\/wp\/v2\/posts"}],"about":[{"href":"https:\/\/www.actualidadadiario.com\/index.php\/wp-json\/wp\/v2\/types\/post"}],"author":[{"embeddable":true,"href":"https:\/\/www.actualidadadiario.com\/index.php\/wp-json\/wp\/v2\/users\/3"}],"replies":[{"embeddable":true,"href":"https:\/\/www.actualidadadiario.com\/index.php\/wp-json\/wp\/v2\/comments?post=32866"}],"version-history":[{"count":1,"href":"https:\/\/www.actualidadadiario.com\/index.php\/wp-json\/wp\/v2\/posts\/32866\/revisions"}],"predecessor-version":[{"id":32868,"href":"https:\/\/www.actualidadadiario.com\/index.php\/wp-json\/wp\/v2\/posts\/32866\/revisions\/32868"}],"wp:featuredmedia":[{"embeddable":true,"href":"https:\/\/www.actualidadadiario.com\/index.php\/wp-json\/wp\/v2\/media\/32867"}],"wp:attachment":[{"href":"https:\/\/www.actualidadadiario.com\/index.php\/wp-json\/wp\/v2\/media?parent=32866"}],"wp:term":[{"taxonomy":"category","embeddable":true,"href":"https:\/\/www.actualidadadiario.com\/index.php\/wp-json\/wp\/v2\/categories?post=32866"},{"taxonomy":"post_tag","embeddable":true,"href":"https:\/\/www.actualidadadiario.com\/index.php\/wp-json\/wp\/v2\/tags?post=32866"}],"curies":[{"name":"wp","href":"https:\/\/api.w.org\/{rel}","templated":true}]}}