{"id":32863,"date":"2018-09-10T11:04:14","date_gmt":"2018-09-10T14:04:14","guid":{"rendered":"https:\/\/www.actualidadadiario.com\/?p=32863"},"modified":"2018-11-06T19:38:08","modified_gmt":"2018-11-06T22:38:08","slug":"el-gobierno-provincial-volvio-a-incrementar-partidas-para-comedores-y-copas-de-leche","status":"publish","type":"post","link":"https:\/\/www.actualidadadiario.com\/index.php\/2018\/09\/10\/el-gobierno-provincial-volvio-a-incrementar-partidas-para-comedores-y-copas-de-leche\/","title":{"rendered":"El gobierno provincial volvi\u00f3 a incrementar partidas para comedores y copas de leche"},"content":{"rendered":"<p><em><strong>En funci\u00f3n de la necesidad de priorizar los programas destinados a los sectores m\u00e1s vulnerables, el gobierno provincial volvi\u00f3 a aumentar el monto destinado a la pensi\u00f3n Ley 4035, y las partidas para comedores escolares y copas de leche<\/strong><\/em><\/p>\n<p>&nbsp;<\/p>\n<p>&nbsp;<\/p>\n<p>&nbsp;<\/p>\n<p>Desde 2016 a la fecha, s\u00f3lo en instituciones educativas se abrieron 175 nuevos servicios y se incorporaron 25.242 titulares de derecho.<\/p>\n<p>&nbsp;<\/p>\n<p>Luego de un encuentro de trabajo con el Gobernador Gustavo Bordet, la ministra de Desarrollo Social, Laura Stratta, explic\u00f3 que realizaron un an\u00e1lisis del contexto y las pol\u00edticas que el gobierno de la provincia lleva adelante \u201cpara acompa\u00f1ar a los sectores m\u00e1s vulnerables\u201d.<\/p>\n<p>&nbsp;<\/p>\n<p>En este sentido, indic\u00f3, \u201cse decidi\u00f3 fortalecer las pol\u00edticas alimentarias con un nuevo aumento del 15% para las diferentes modalidades que tenemos en los comedores escolares: comedor, copa de leche y copa de leche reforzada. Va a ser un nuevo incremento que damos y que significa un aumento acumulado en el a\u00f1o del 34%, y del 238% en lo que va de la gesti\u00f3n\u201d.<\/p>\n<p>&nbsp;<\/p>\n<p>En esta ocasi\u00f3n, el aumento en la partida de Comedores Escolares significa un aumento de 238% en lo que va de la gesti\u00f3n.<\/p>\n<p>&nbsp;<\/p>\n<p>Stratta explic\u00f3 que desde la Direcci\u00f3n de Comedores se realiza un relevamiento y seguimiento constante de los precios: \u201ccon la escuelas venimos trabajando con una experiencia piloto donde tenemos 23 instituciones testigos en las cuales se monitorea el men\u00fa y la capacidad presupuestar\u00eda\u201d, sostuvo. Explic\u00f3 adem\u00e1s que \u201cen este contexto, profundizamos ese seguimiento y acompa\u00f1amiento para poder responder a diferentes situaciones que se plantean\u201d.<\/p>\n<p>&nbsp;<\/p>\n<p>\u201cNo se trata solamente del aumento de las partidas, sino de monitorear constantemente para hacer m\u00e1s eficiente el uso de los recursos del Estado provincial en orden a las demandas sociales que est\u00e1n en aumento. Desde 2016 hay 25.000 chicos m\u00e1s comiendo en los comedores. Esta es una situaci\u00f3n que tenemos que atender y con estos nuevos incrementos estamos hablando de m\u00e1s de 26 millones de pesos que se suman\u201d.<\/p>\n<p>&nbsp;<\/p>\n<p>Por otra parte, explic\u00f3: \u201cTambi\u00e9n estamos aumentando los programas que se sustentan con fondos de la Ley 4035, que significa un incremento de las pensiones enmarcadas en esta normativa. Son cerca de 4.000 titulares de derecho que tenemos en Entre R\u00edos. Estas acciones se sustentan en la decisi\u00f3n del gobernador Bordet de fortalecer las pol\u00edticas sociales y alimentarias en esta situaci\u00f3n dif\u00edcil\u201d, agreg\u00f3 la titular de Desarrollo Social.<\/p>\n<p>&nbsp;<\/p>\n<p>En este caso, el monto percibido pasa de 1800 a 2300 pesos en el caso de discapacidad y adultos mayores, y de 900 a 1100 pesos, en madres con hijos a cargo. Asimismo, sostuvo: \u201cHemos informatizado todo lo relacionado a la gesti\u00f3n para transparentar el programa pero adem\u00e1s para agilizarlo\u201d.<\/p>\n<p>&nbsp;<\/p>\n<p>La titular de la cartera de Desarrollo Social record\u00f3 que \u201cEsta serie de medidas forman parte del refuerzo en materia de pol\u00edticas sociales y alimentarias que defini\u00f3 el gobernador Gustavo Bordet, y que se suma al aumento efectuado meses atr\u00e1s en la Tarjeta Social\u201d. En ese caso el aumento que comenz\u00f3 a percibirse en julio de este a\u00f1o fue del 100% y alcanz\u00f3 a 50 mil titulares de derecho.<\/p>\n<p>&nbsp;<\/p>\n<p>Adem\u00e1s, indic\u00f3, en julio se incrementaron en un 30% las partidas destinadas a comedores en Hogares de Adultos Mayores.<\/p>\n<p>&nbsp;<\/p>\n<p>&nbsp;<\/p>\n<p><strong>Herramientas para fortalecer la Econom\u00eda Social<\/strong><\/p>\n<p>Stratta remarc\u00f3: \u201cNuestro gobernador viene desde hace tiempo sosteniendo la importancia de dar respuestas, atender las necesidades b\u00e1sicas y generar estrategias de contenci\u00f3n social. Desde ese lugar trabajamos sobre el fortalecimiento de las pol\u00edticas alimentarias. Al mismo tiempo, trabajamos cada d\u00eda en poner en marcha herramientas que posibiliten fortalecer la Econom\u00eda Social, algo que es de suma importancia en momentos como los que vivimos\u201d.<\/p>\n<p>&nbsp;<\/p>\n<p>En esta l\u00ednea, record\u00f3, durante el mes de agosto se abrieron nuevas convocatorias a programas como Cr\u00e9dito Joven, Crecer, Microcr\u00e9ditos, J\u00f3venes Emprendedores e Impulsate, entre otros, todos con el fin de promover el fortalecimiento de proyectos productivos y de autoempleo.<\/p>\n<p>&nbsp;<\/p>\n<p>Tambi\u00e9n se lanz\u00f3 el Programa Integral de Adultos Mayores, que tiene como objetivo financiar proyectos comunitarios, y\/o mejorar espacios de alojamiento o recreaci\u00f3n de adultos mayores.<\/p>\n<p>&nbsp;<\/p>\n<p>\u201cEstos nuevos aumentos, forman parte de la bater\u00eda de herramientas que el Ministerio de Desarrollo Social despliega en pos de garantizar a la poblaci\u00f3n entrerriana el acceso a derechos y favorecer una vida digna\u201d.<\/p>\n","protected":false},"excerpt":{"rendered":"<p>En funci\u00f3n de la necesidad de priorizar los programas destinados a los sectores m\u00e1s vulnerables, el gobierno provincial volvi\u00f3 a aumentar el monto destinado a la pensi\u00f3n Ley 4035, y las partidas para comedores escolares y copas de leche &nbsp; &nbsp; &nbsp; Desde 2016 a la fecha, s\u00f3lo en instituciones educativas se abrieron 175 nuevos servicios y se incorporaron 25.242 titulares de derecho. &nbsp; Luego de un encuentro de trabajo con el Gobernador Gustavo Bordet, la ministra de Desarrollo Social, Laura Stratta, explic\u00f3 que realizaron un an\u00e1lisis del contexto y&#8230;<\/p>\n","protected":false},"author":3,"featured_media":32864,"comment_status":"closed","ping_status":"closed","sticky":false,"template":"","format":"standard","meta":[],"categories":[9,15],"tags":[],"_links":{"self":[{"href":"https:\/\/www.actualidadadiario.com\/index.php\/wp-json\/wp\/v2\/posts\/32863"}],"collection":[{"href":"https:\/\/www.actualidadadiario.com\/index.php\/wp-json\/wp\/v2\/posts"}],"about":[{"href":"https:\/\/www.actualidadadiario.com\/index.php\/wp-json\/wp\/v2\/types\/post"}],"author":[{"embeddable":true,"href":"https:\/\/www.actualidadadiario.com\/index.php\/wp-json\/wp\/v2\/users\/3"}],"replies":[{"embeddable":true,"href":"https:\/\/www.actualidadadiario.com\/index.php\/wp-json\/wp\/v2\/comments?post=32863"}],"version-history":[{"count":1,"href":"https:\/\/www.actualidadadiario.com\/index.php\/wp-json\/wp\/v2\/posts\/32863\/revisions"}],"predecessor-version":[{"id":32865,"href":"https:\/\/www.actualidadadiario.com\/index.php\/wp-json\/wp\/v2\/posts\/32863\/revisions\/32865"}],"wp:featuredmedia":[{"embeddable":true,"href":"https:\/\/www.actualidadadiario.com\/index.php\/wp-json\/wp\/v2\/media\/32864"}],"wp:attachment":[{"href":"https:\/\/www.actualidadadiario.com\/index.php\/wp-json\/wp\/v2\/media?parent=32863"}],"wp:term":[{"taxonomy":"category","embeddable":true,"href":"https:\/\/www.actualidadadiario.com\/index.php\/wp-json\/wp\/v2\/categories?post=32863"},{"taxonomy":"post_tag","embeddable":true,"href":"https:\/\/www.actualidadadiario.com\/index.php\/wp-json\/wp\/v2\/tags?post=32863"}],"curies":[{"name":"wp","href":"https:\/\/api.w.org\/{rel}","templated":true}]}}