{"id":32860,"date":"2018-09-10T11:03:31","date_gmt":"2018-09-10T14:03:31","guid":{"rendered":"https:\/\/www.actualidadadiario.com\/?p=32860"},"modified":"2018-11-06T19:38:08","modified_gmt":"2018-11-06T22:38:08","slug":"presupuesto-2019-no-pueden-seguir-recortando-sobre-las-provincias-afirmo-bordet","status":"publish","type":"post","link":"https:\/\/www.actualidadadiario.com\/index.php\/2018\/09\/10\/presupuesto-2019-no-pueden-seguir-recortando-sobre-las-provincias-afirmo-bordet\/","title":{"rendered":"Presupuesto 2019: \u201cNo pueden seguir recortando sobre las provincias\u201d, afirm\u00f3 Bordet"},"content":{"rendered":"<p><em><strong>El gobernador Gustavo Bordet asegur\u00f3 que seguir\u00e1 trabajando para que el Presupuesto 2019 \u201ctenga el consenso necesario\u201d, pero reclam\u00f3: \u201cNo pueden seguir existiendo recortes sobre las provincias\u201d. \u201cNo queremos discutir solamente gastos\u201d, apunt\u00f3 adem\u00e1s y pidi\u00f3 que \u201cpor lo menos se garanticen que no perdamos recursos\u201d<\/strong><\/em><\/p>\n<p>&nbsp;<\/p>\n<p>&nbsp;<\/p>\n<p>&nbsp;<\/p>\n<p>A horas de participar en el encuentro convocado por el presidente Mauricio Macri en Casa Rosada, el Gobernador se mostr\u00f3 preocupado por el \u201crecorte\u201d que ya se aplica en la ejecuci\u00f3n del Presupuesto 2018 y sobre el proyecto de Presupuesto para 2019. \u201cNo queremos discutir s\u00f3lo gastos y recorte a las provincias, sino tambi\u00e9n ingresos. Seguiremos trabajando en ese sentido porque defendemos los intereses de Entre R\u00edos\u201d, expres\u00f3 el mandatario provincial.<\/p>\n<p>&nbsp;<\/p>\n<p>\u201cEntendemos que todo gobierno tiene que tener la ley madre, pero hemos perdido el Fondo Federal Solidario, de manera unilateral lo ha dejado sin efecto al gobierno nacional, y se anunci\u00f3 que se elimina el subsidio al transporte\u201d, cuestion\u00f3.<\/p>\n<p>&nbsp;<\/p>\n<p>Adem\u00e1s a\u00f1adi\u00f3: \u201cNo queremos discutir en el presupuesto solamente gastos, queremos discutir ingresos porque si por un lado se siguen aplicando recortes a las provincias, queremos que por lo menos se garanticen que no perdamos recursos\u201d.<\/p>\n<p>&nbsp;<\/p>\n<p>\u201cEn esta l\u00f3gica es que se debe lograr un proyecto de presupuesto que pueda tener el consenso que se necesita, porque ser\u00eda una muy mala se\u00f1al que el gobierno argentino no tenga un presupuesto y esto realmente complicar\u00eda a\u00fan m\u00e1s a todos los estamentos de gobierno, Naci\u00f3n, Provincia y municipios. Pero tenemos que encontrar un punto y en esto estamos trabajando\u201d, asever\u00f3.<\/p>\n<p>&nbsp;<\/p>\n<p>Luego expres\u00f3: \u201cNosotros queremos llegar a un consenso porque somos parte de un pa\u00eds federal, de un todo. Pero entendemos que no pueden seguir existiendo recortes sobre las provincias que perjudiquen el normal desarrollo de muchas obras. El Fondo Federal Solidario, que se cort\u00f3, estaba afectado exclusivamente a obra p\u00fablica, es obra que deja de hacer la Provincia y que dejan de hacer los municipios. Y lo que es m\u00e1s grave, se cortan intempestivamente y hay desembolsos que hay que pagar porque las obras est\u00e1n en marcha y tenemos que sacar de recursos corrientes y esto complica las estructuras financieras\u201d, expres\u00f3 el Gobernador.<\/p>\n<p>&nbsp;<\/p>\n<p>\u201cVemos con mucha preocupaci\u00f3n lo que est\u00e1 sucediendo. Hoy estamos teniendo un fuerte ajuste sobre el Presupuesto 2018 en la ejecuci\u00f3n, que tiene que ver con viviendas que no se est\u00e1n llevando adelante, obra p\u00fablica que se deja de hacer y tiene que hacer la provincia, como el caso del hospital de Gualeguaych\u00fa, que era cofinaciamiento Naci\u00f3n-provincia, y para terminarlo tiene que poner todo el dinero la provincia\u201d, expuso Bordet.<\/p>\n<p>&nbsp;<\/p>\n<p>En ese sentido, mencion\u00f3 lo que sucede con distintos programas sociales y de salud \u201cdonde no llegan los insumos, las vacunas, los medicamentos, tenemos que comprarlo desde la provincia. Por ejemplo, para el programa Maternidad e Infancia, lo que era leche en polvo hac\u00eda a\u00f1os que esto se hab\u00eda dejado de comprar porque esto se prove\u00eda por el programa, tuvimos que comprar 40.000 kilos para abastecer nuestros centros de salud. No lo digo a modo de queja, lo digo porque se est\u00e1 pensando en un presupuesto ajustado para 2019 y resulta que el ajuste lo estamos sintiendo hoy en la provincia de Entre R\u00edos, en 2018\u201d, afirm\u00f3 finalmente el mandatario.<\/p>\n","protected":false},"excerpt":{"rendered":"<p>El gobernador Gustavo Bordet asegur\u00f3 que seguir\u00e1 trabajando para que el Presupuesto 2019 \u201ctenga el consenso necesario\u201d, pero reclam\u00f3: \u201cNo pueden seguir existiendo recortes sobre las provincias\u201d. \u201cNo queremos discutir solamente gastos\u201d, apunt\u00f3 adem\u00e1s y pidi\u00f3 que \u201cpor lo menos se garanticen que no perdamos recursos\u201d &nbsp; &nbsp; &nbsp; A horas de participar en el encuentro convocado por el presidente Mauricio Macri en Casa Rosada, el Gobernador se mostr\u00f3 preocupado por el \u201crecorte\u201d que ya se aplica en la ejecuci\u00f3n del Presupuesto 2018 y sobre el proyecto de Presupuesto para&#8230;<\/p>\n","protected":false},"author":3,"featured_media":32861,"comment_status":"closed","ping_status":"closed","sticky":false,"template":"","format":"standard","meta":[],"categories":[9,15],"tags":[],"_links":{"self":[{"href":"https:\/\/www.actualidadadiario.com\/index.php\/wp-json\/wp\/v2\/posts\/32860"}],"collection":[{"href":"https:\/\/www.actualidadadiario.com\/index.php\/wp-json\/wp\/v2\/posts"}],"about":[{"href":"https:\/\/www.actualidadadiario.com\/index.php\/wp-json\/wp\/v2\/types\/post"}],"author":[{"embeddable":true,"href":"https:\/\/www.actualidadadiario.com\/index.php\/wp-json\/wp\/v2\/users\/3"}],"replies":[{"embeddable":true,"href":"https:\/\/www.actualidadadiario.com\/index.php\/wp-json\/wp\/v2\/comments?post=32860"}],"version-history":[{"count":1,"href":"https:\/\/www.actualidadadiario.com\/index.php\/wp-json\/wp\/v2\/posts\/32860\/revisions"}],"predecessor-version":[{"id":32862,"href":"https:\/\/www.actualidadadiario.com\/index.php\/wp-json\/wp\/v2\/posts\/32860\/revisions\/32862"}],"wp:featuredmedia":[{"embeddable":true,"href":"https:\/\/www.actualidadadiario.com\/index.php\/wp-json\/wp\/v2\/media\/32861"}],"wp:attachment":[{"href":"https:\/\/www.actualidadadiario.com\/index.php\/wp-json\/wp\/v2\/media?parent=32860"}],"wp:term":[{"taxonomy":"category","embeddable":true,"href":"https:\/\/www.actualidadadiario.com\/index.php\/wp-json\/wp\/v2\/categories?post=32860"},{"taxonomy":"post_tag","embeddable":true,"href":"https:\/\/www.actualidadadiario.com\/index.php\/wp-json\/wp\/v2\/tags?post=32860"}],"curies":[{"name":"wp","href":"https:\/\/api.w.org\/{rel}","templated":true}]}}