{"id":32857,"date":"2018-09-10T11:02:45","date_gmt":"2018-09-10T14:02:45","guid":{"rendered":"https:\/\/www.actualidadadiario.com\/?p=32857"},"modified":"2018-11-06T19:38:08","modified_gmt":"2018-11-06T22:38:08","slug":"destinan-15-millones-de-pesos-a-escuelas-nina-y-de-jornada-completa","status":"publish","type":"post","link":"https:\/\/www.actualidadadiario.com\/index.php\/2018\/09\/10\/destinan-15-millones-de-pesos-a-escuelas-nina-y-de-jornada-completa\/","title":{"rendered":"Destinan 1,5 millones de pesos a escuelas NINA y de jornada completa"},"content":{"rendered":"<p><em><strong>El gobierno provincial, a trav\u00e9s de una resoluci\u00f3n del CGE, destin\u00f3 un total de 1,5 millones de pesos para 129 escuelas NINA y 38 de jornada completa y con anexo albergue. Los fondos est\u00e1n destinados a acompa\u00f1ar el desarrollo de los talleres que se dictan en dichos establecimientos<\/strong><\/em><\/p>\n<p>&nbsp;<\/p>\n<p>&nbsp;<\/p>\n<p>&nbsp;<\/p>\n<p>La presidenta del Consejo General de Educaci\u00f3n, Marta Iraz\u00e1bal de Land\u00f3, resalt\u00f3 la labor de las escuelas de jornada extendida y destac\u00f3 &#8220;la importancia de estos fondos que llegan a las escuelas para acompa\u00f1ar el desarrollo de los distintos talleres que se dictan alargando la jornada, donde los chicos disfrutan y aprenden en los talleres que ellos eligieron&#8221;.<\/p>\n<p>&nbsp;<\/p>\n<p>Los fondos se encuentran destinados a la adquisici\u00f3n de Bienes de Consumo de las Escuelas Primarias Incluidas en el Proyecto de Mejora e Inclusi\u00f3n en la Educaci\u00f3n Primaria \u201cNINA\u201d, Escuelas Primarias de Jornada Completa y Jornada Completa con Anexo Albergue.<\/p>\n<p>&nbsp;<\/p>\n<p>\u201cEs una gran alegr\u00eda que las escuelas primarias reciban este aporte del gobierno provincial, lo que demuestra el compromiso que la gesti\u00f3n tiene con la educaci\u00f3n p\u00fablica as\u00ed como con los ni\u00f1os y ni\u00f1as de nuestra provincia. Esta medida representa un avance en el trabajo diario respecto al fortalecimiento de una educaci\u00f3n p\u00fablica, gratuita, inclusiva y de calidad\u201d, indic\u00f3 Rosana Castro, directora de Educaci\u00f3n Primaria.<\/p>\n<p>&nbsp;<\/p>\n<p>Esta inversi\u00f3n tiene el objetivo de apostar a que los alumnos de nuestras escuelas entrerrianas puedan no s\u00f3lo acceder a la educaci\u00f3n, sino tambi\u00e9n garantizar la igualdad en los procesos formativos as\u00ed como generar la posibilidad de desarrollo y crecimiento de las instituciones.<\/p>\n","protected":false},"excerpt":{"rendered":"<p>El gobierno provincial, a trav\u00e9s de una resoluci\u00f3n del CGE, destin\u00f3 un total de 1,5 millones de pesos para 129 escuelas NINA y 38 de jornada completa y con anexo albergue. Los fondos est\u00e1n destinados a acompa\u00f1ar el desarrollo de los talleres que se dictan en dichos establecimientos &nbsp; &nbsp; &nbsp; La presidenta del Consejo General de Educaci\u00f3n, Marta Iraz\u00e1bal de Land\u00f3, resalt\u00f3 la labor de las escuelas de jornada extendida y destac\u00f3 &#8220;la importancia de estos fondos que llegan a las escuelas para acompa\u00f1ar el desarrollo de los distintos&#8230;<\/p>\n","protected":false},"author":3,"featured_media":32858,"comment_status":"closed","ping_status":"closed","sticky":false,"template":"","format":"standard","meta":[],"categories":[15],"tags":[],"_links":{"self":[{"href":"https:\/\/www.actualidadadiario.com\/index.php\/wp-json\/wp\/v2\/posts\/32857"}],"collection":[{"href":"https:\/\/www.actualidadadiario.com\/index.php\/wp-json\/wp\/v2\/posts"}],"about":[{"href":"https:\/\/www.actualidadadiario.com\/index.php\/wp-json\/wp\/v2\/types\/post"}],"author":[{"embeddable":true,"href":"https:\/\/www.actualidadadiario.com\/index.php\/wp-json\/wp\/v2\/users\/3"}],"replies":[{"embeddable":true,"href":"https:\/\/www.actualidadadiario.com\/index.php\/wp-json\/wp\/v2\/comments?post=32857"}],"version-history":[{"count":1,"href":"https:\/\/www.actualidadadiario.com\/index.php\/wp-json\/wp\/v2\/posts\/32857\/revisions"}],"predecessor-version":[{"id":32859,"href":"https:\/\/www.actualidadadiario.com\/index.php\/wp-json\/wp\/v2\/posts\/32857\/revisions\/32859"}],"wp:featuredmedia":[{"embeddable":true,"href":"https:\/\/www.actualidadadiario.com\/index.php\/wp-json\/wp\/v2\/media\/32858"}],"wp:attachment":[{"href":"https:\/\/www.actualidadadiario.com\/index.php\/wp-json\/wp\/v2\/media?parent=32857"}],"wp:term":[{"taxonomy":"category","embeddable":true,"href":"https:\/\/www.actualidadadiario.com\/index.php\/wp-json\/wp\/v2\/categories?post=32857"},{"taxonomy":"post_tag","embeddable":true,"href":"https:\/\/www.actualidadadiario.com\/index.php\/wp-json\/wp\/v2\/tags?post=32857"}],"curies":[{"name":"wp","href":"https:\/\/api.w.org\/{rel}","templated":true}]}}