{"id":32851,"date":"2018-09-07T10:57:02","date_gmt":"2018-09-07T13:57:02","guid":{"rendered":"https:\/\/www.actualidadadiario.com\/?p=32851"},"modified":"2018-11-06T19:38:09","modified_gmt":"2018-11-06T22:38:09","slug":"las-frases-mas-cuestionadas-de-jair-bolsonaro-incluyen-racismo-homofobia-y-mas","status":"publish","type":"post","link":"https:\/\/www.actualidadadiario.com\/index.php\/2018\/09\/07\/las-frases-mas-cuestionadas-de-jair-bolsonaro-incluyen-racismo-homofobia-y-mas\/","title":{"rendered":"Las frases m\u00e1s cuestionadas de Jair Bolsonaro incluyen racismo, homofobia y m\u00e1s"},"content":{"rendered":"<p><em><strong>El candidato a presidente de Brasil, que fue apu\u00f1alado este jueves, posee un historial de comentarios aberrantes<\/strong><\/em><\/p>\n<p>&nbsp;<\/p>\n<p>&nbsp;<\/p>\n<p>&nbsp;<\/p>\n<p>&nbsp;<\/p>\n<p>Jair Bolsonaro fue apu\u00f1alado este jueves en Minas Gerais en un acto de campa\u00f1a y su hijo inform\u00f3 desde Twitter que lleg\u00f3 al hospital &#8220;casi muerto&#8221; aunque ahora permanecer\u00eda &#8220;estable&#8221;. Si bien las \u00faltimas encuestas lo ubican primero de cara a las elecciones presidenciales de Brasil del 7 de octubre (es el principal candidato dado que Lula Da Silva no podr\u00e1 postularse por la causa por enriquecimiento il\u00edcito en la que fue condenado), tambi\u00e9n indican que el legislador de 63 a\u00f1os perder\u00eda con cualquiera de sus rivales en segunda vuelta. El motivo: un amplio sector del electorado brasile\u00f1o no lo votar\u00eda nunca, en parte por sus frases racistas, homof\u00f3bicas, mis\u00f3ginas, a favor de la dictadura y del uso de armas.<\/p>\n<p>&nbsp;<\/p>\n<p><strong>-Misoginia:<\/strong> Una de las m\u00e1s impactantes fue cuando en el medio del Congreso en una discusi\u00f3n con la diputada del Partido de los Trabajadores (PT) Maria do Ros\u00e1rio, le espet\u00f3: &#8220;No te voy a violar porque no te lo mereces&#8221;. M\u00e1s tarde, el militar retirado hizo unas declaraciones reafirm\u00e1ndose en sus palabras: &#8220;Ella es quien deber\u00eda ser procesada porque me ofendi\u00f3. Estoy casado, tengo hijos \u00bfY me llama violador?&#8221;.<\/p>\n<p>&nbsp;<\/p>\n<p><strong>-Discriminaci\u00f3n racial:<\/strong> Bolsonaro tampoco esconde su car\u00e1cter racista. En una entrevista, al ser consultado sobre c\u00f3mo actuar\u00eda si un hijo suyo se enamorase de una chica negra respondi\u00f3 que eso nunca ocurrir\u00eda porque sus hijos est\u00e1n &#8220;muy bien educados&#8221;. Y fue multado por afirmar que &#8220;los afrodescendientes no hacen nada, creo que ni como reproductores sirven m\u00e1s&#8221;.<\/p>\n<p>&nbsp;<\/p>\n<p><strong>-Discriminaci\u00f3n a los pueblos originarios:<\/strong> El candidato del Partido Social Liberal (PSL) adem\u00e1s se refiri\u00f3 a los pueblos originarios como &#8220;indios hediondos, no educados y no hablantes de nuestra lengua&#8221;. Homofobia: El candidato ofendi\u00f3 fuertemente a la comunidad gay al decir que &#8220;ser\u00eda incapaz de amar a un hijo homosexual&#8221;, y tambi\u00e9n a\u00f1adi\u00f3 que preferir\u00eda que &#8220;muera en un accidente a que aparezca con un hombre con bigote por ah\u00ed&#8221;. Incluso, hace cuatro a\u00f1os dijo en el Parlamento que la mejor manera de &#8220;evitar&#8221; tener un hijo homosexual es &#8220;golpearle&#8221;.<\/p>\n<p>&nbsp;<\/p>\n<p><strong>-Aporofobia:<\/strong> Bolsonaro tambi\u00e9n es recordado por una propuesta que lanz\u00f3 para eliminar desde el aire y a los tiros a una villa de Brasil: &#8220;Primero desde un helic\u00f3ptero se tiran volantes y folletos, d\u00e1ndole seis horas a los delincuentes para entregarse y aleccionando la delaci\u00f3n de los pobladores. Cumplido el plazo, si no se entregan los bandidos, se ametralla el barrio pobre desde el aire&#8221;.<\/p>\n<p>&nbsp;<\/p>\n<p><strong>-Libre portaci\u00f3n de armas:<\/strong> El diputado federal tiene una clara postura a favor de la libre portaci\u00f3n de armas en su pa\u00eds y consider\u00f3 que polic\u00edas que matan con &#8220;diez o treinta disparos cada uno&#8221;, deben ser condecorados.<\/p>\n<p>&nbsp;<\/p>\n<p><strong>-Dictadura militar:<\/strong> Bolsonaro siempre ha expresado su postura a favor de la dictadura militar de Brasil (1964-1985). De hecho, dedic\u00f3 su voto a favor del impeachment de la presidenta Dilma Rousseff al torturador de la dictadura militar, ex Coronel Carlos Alberto Brillante Ustra. Muerto en 2015, Ustra fue condenado por secuestro y tortura.<\/p>\n","protected":false},"excerpt":{"rendered":"<p>El candidato a presidente de Brasil, que fue apu\u00f1alado este jueves, posee un historial de comentarios aberrantes &nbsp; &nbsp; &nbsp; &nbsp; Jair Bolsonaro fue apu\u00f1alado este jueves en Minas Gerais en un acto de campa\u00f1a y su hijo inform\u00f3 desde Twitter que lleg\u00f3 al hospital &#8220;casi muerto&#8221; aunque ahora permanecer\u00eda &#8220;estable&#8221;. Si bien las \u00faltimas encuestas lo ubican primero de cara a las elecciones presidenciales de Brasil del 7 de octubre (es el principal candidato dado que Lula Da Silva no podr\u00e1 postularse por la causa por enriquecimiento il\u00edcito en&#8230;<\/p>\n","protected":false},"author":3,"featured_media":32852,"comment_status":"closed","ping_status":"closed","sticky":false,"template":"","format":"standard","meta":[],"categories":[4],"tags":[],"_links":{"self":[{"href":"https:\/\/www.actualidadadiario.com\/index.php\/wp-json\/wp\/v2\/posts\/32851"}],"collection":[{"href":"https:\/\/www.actualidadadiario.com\/index.php\/wp-json\/wp\/v2\/posts"}],"about":[{"href":"https:\/\/www.actualidadadiario.com\/index.php\/wp-json\/wp\/v2\/types\/post"}],"author":[{"embeddable":true,"href":"https:\/\/www.actualidadadiario.com\/index.php\/wp-json\/wp\/v2\/users\/3"}],"replies":[{"embeddable":true,"href":"https:\/\/www.actualidadadiario.com\/index.php\/wp-json\/wp\/v2\/comments?post=32851"}],"version-history":[{"count":1,"href":"https:\/\/www.actualidadadiario.com\/index.php\/wp-json\/wp\/v2\/posts\/32851\/revisions"}],"predecessor-version":[{"id":32853,"href":"https:\/\/www.actualidadadiario.com\/index.php\/wp-json\/wp\/v2\/posts\/32851\/revisions\/32853"}],"wp:featuredmedia":[{"embeddable":true,"href":"https:\/\/www.actualidadadiario.com\/index.php\/wp-json\/wp\/v2\/media\/32852"}],"wp:attachment":[{"href":"https:\/\/www.actualidadadiario.com\/index.php\/wp-json\/wp\/v2\/media?parent=32851"}],"wp:term":[{"taxonomy":"category","embeddable":true,"href":"https:\/\/www.actualidadadiario.com\/index.php\/wp-json\/wp\/v2\/categories?post=32851"},{"taxonomy":"post_tag","embeddable":true,"href":"https:\/\/www.actualidadadiario.com\/index.php\/wp-json\/wp\/v2\/tags?post=32851"}],"curies":[{"name":"wp","href":"https:\/\/api.w.org\/{rel}","templated":true}]}}