{"id":32848,"date":"2018-09-07T10:56:21","date_gmt":"2018-09-07T13:56:21","guid":{"rendered":"https:\/\/www.actualidadadiario.com\/?p=32848"},"modified":"2018-11-06T19:38:09","modified_gmt":"2018-11-06T22:38:09","slug":"jair-bolsonaro-hablo-tras-ser-apunalado-el-dolor-era-insoportable","status":"publish","type":"post","link":"https:\/\/www.actualidadadiario.com\/index.php\/2018\/09\/07\/jair-bolsonaro-hablo-tras-ser-apunalado-el-dolor-era-insoportable\/","title":{"rendered":"Jair Bolsonaro habl\u00f3 tras ser apu\u00f1alado: &#8220;El dolor era insoportable&#8221;"},"content":{"rendered":"<p><em><strong>Se difundi\u00f3 un video del candidato presidencial de Brasil desde la cama del hospital en el que habl\u00f3 de qu\u00e9 sinti\u00f3 cuando lo atacaron<\/strong><\/em><\/p>\n<p>&nbsp;<\/p>\n<p>&nbsp;<\/p>\n<p>&nbsp;<\/p>\n<p>&nbsp;<\/p>\n<p>El candidato de ultraderecha Jair Bolsonaro permanece en un hospital de Minas Gerais, al d\u00eda siguiente de haber recibido una pu\u00f1alada que pudo costarle la vida. No obstante, se difundi\u00f3 un video en las redes sociales en el que habl\u00f3 despu\u00e9s de haber sido atacado.<\/p>\n<p>&nbsp;<\/p>\n<p>El excapit\u00e1n del Ej\u00e9rcito y diputado, de 63 a\u00f1os, fue apu\u00f1alado cuando era cargado en andas por una multitud en medio de un acto de campa\u00f1a. Tras ser intervenido, se difundi\u00f3 un video en las redes sociales en el que se muestra a Bolsonaro, quien dice con apenas energ\u00eda que nunca le hizo da\u00f1o a nadie y describi\u00f3 que ser apu\u00f1alado fue como haber recibido un golpe en la boca del est\u00f3mago.<\/p>\n<p>&nbsp;<\/p>\n<p>&#8220;El dolor era insoportable y parec\u00eda que algo m\u00e1s grave estaba sucediendo&#8221;, record\u00f3. &#8220;Yo me preparaba para un momento como este, porque uno corre riesgos&#8221;, manifest\u00f3. Adem\u00e1s, expres\u00f3 su malestar por no poder asistir al desfile de Siete de Septiembre en R\u00edo de Janeiro.<\/p>\n<p>&nbsp;<\/p>\n<p>Bolsonaro, fue ingresado ayer por la tarde con un cuadro vital comprometido: hemorragia interna, tres perforaciones en el intestino delgado, una lesi\u00f3n grave en el intestino grueso y otra en una vena del abdomen. Tras ser intervenido, su estado era &#8220;estable por el momento&#8221;, indic\u00f3 por la noche el \u00faltimo parte m\u00e9dico.<\/p>\n<p>&nbsp;<\/p>\n<p>&#8220;Un mensaje para esos bandidos (&#8230;): acaban de elegir al nuevo presidente y ser\u00e1 en la primera vuelta&#8221;, declar\u00f3 uno de sus hijos, Fl\u00e1vio Bolsonaro, tras visitar poco despu\u00e9s de medianoche a su padre en la Santa Casa de Misericordia de Juiz de Fora. La familia quiere trasladarlo a otro centro m\u00e9dico, pero los especialistas creen que por el momento no cuenta con la estabilidad necesaria para soportarlo.<\/p>\n<p>&nbsp;<\/p>\n<p>Las autoridades arrestaron al presunto autor, identificado como Ad\u00e9lio Bispo de Oliveira, un ex militante del partido de izquierda PSOL, que explic\u00f3 a la polic\u00eda haber actuado en cumplimiento de &#8220;una misi\u00f3n divina, una misi\u00f3n de Dios&#8221;.<\/p>\n","protected":false},"excerpt":{"rendered":"<p>Se difundi\u00f3 un video del candidato presidencial de Brasil desde la cama del hospital en el que habl\u00f3 de qu\u00e9 sinti\u00f3 cuando lo atacaron &nbsp; &nbsp; &nbsp; &nbsp; El candidato de ultraderecha Jair Bolsonaro permanece en un hospital de Minas Gerais, al d\u00eda siguiente de haber recibido una pu\u00f1alada que pudo costarle la vida. No obstante, se difundi\u00f3 un video en las redes sociales en el que habl\u00f3 despu\u00e9s de haber sido atacado. &nbsp; El excapit\u00e1n del Ej\u00e9rcito y diputado, de 63 a\u00f1os, fue apu\u00f1alado cuando era cargado en andas&#8230;<\/p>\n","protected":false},"author":3,"featured_media":32849,"comment_status":"closed","ping_status":"closed","sticky":false,"template":"","format":"standard","meta":[],"categories":[4],"tags":[],"_links":{"self":[{"href":"https:\/\/www.actualidadadiario.com\/index.php\/wp-json\/wp\/v2\/posts\/32848"}],"collection":[{"href":"https:\/\/www.actualidadadiario.com\/index.php\/wp-json\/wp\/v2\/posts"}],"about":[{"href":"https:\/\/www.actualidadadiario.com\/index.php\/wp-json\/wp\/v2\/types\/post"}],"author":[{"embeddable":true,"href":"https:\/\/www.actualidadadiario.com\/index.php\/wp-json\/wp\/v2\/users\/3"}],"replies":[{"embeddable":true,"href":"https:\/\/www.actualidadadiario.com\/index.php\/wp-json\/wp\/v2\/comments?post=32848"}],"version-history":[{"count":1,"href":"https:\/\/www.actualidadadiario.com\/index.php\/wp-json\/wp\/v2\/posts\/32848\/revisions"}],"predecessor-version":[{"id":32850,"href":"https:\/\/www.actualidadadiario.com\/index.php\/wp-json\/wp\/v2\/posts\/32848\/revisions\/32850"}],"wp:featuredmedia":[{"embeddable":true,"href":"https:\/\/www.actualidadadiario.com\/index.php\/wp-json\/wp\/v2\/media\/32849"}],"wp:attachment":[{"href":"https:\/\/www.actualidadadiario.com\/index.php\/wp-json\/wp\/v2\/media?parent=32848"}],"wp:term":[{"taxonomy":"category","embeddable":true,"href":"https:\/\/www.actualidadadiario.com\/index.php\/wp-json\/wp\/v2\/categories?post=32848"},{"taxonomy":"post_tag","embeddable":true,"href":"https:\/\/www.actualidadadiario.com\/index.php\/wp-json\/wp\/v2\/tags?post=32848"}],"curies":[{"name":"wp","href":"https:\/\/api.w.org\/{rel}","templated":true}]}}