{"id":32846,"date":"2018-09-07T10:55:44","date_gmt":"2018-09-07T13:55:44","guid":{"rendered":"https:\/\/www.actualidadadiario.com\/?p=32846"},"modified":"2018-11-06T19:38:09","modified_gmt":"2018-11-06T22:38:09","slug":"quien-es-fernando-haddad-el-elegido-de-lula-para-gobernar-brasil","status":"publish","type":"post","link":"https:\/\/www.actualidadadiario.com\/index.php\/2018\/09\/07\/quien-es-fernando-haddad-el-elegido-de-lula-para-gobernar-brasil\/","title":{"rendered":"Qui\u00e9n es Fernando Haddad, el elegido de Lula para gobernar Brasil"},"content":{"rendered":"<p><em><strong>El ex presidente, preso e inhabilitado, se dispone a consagrarlo como su sucesor para la elecci\u00f3n del mes que viene. Historia, perfil, ideolog\u00eda y estrategia. \u00bfPuede volver el PT al poder?<\/strong><\/em><\/p>\n<p>&nbsp;<\/p>\n<p>&nbsp;<\/p>\n<p>&nbsp;<\/p>\n<p>&nbsp;<\/p>\n<p>El pr\u00f3ximo martes 11 es el \u201cd\u00eda D\u201d, aseguran en Brasil. Esa es la v\u00edspera de la fecha impuesta por la m\u00e1xima instancia de la Justicia electoral de ese pa\u00eds para que el Partido de los Trabajadores presente la que ser\u00e1 su f\u00f3rmula presidencial definitiva para los comicios del 7 y el 28 del pr\u00f3ximo mes en sustituci\u00f3n de la encabezada por el preso e inhabilitado Luiz In\u00e1cio Lula da Silva. Seg\u00fan trascendi\u00f3, el expresidente ya decidi\u00f3 que ese d\u00eda asumir\u00e1 el paso al costado al que lo forz\u00f3 el Tribunal Superior Electoral (TSE) y que, desde su lugar central en la pol\u00edtica del pa\u00eds vecino, llamar\u00e1 a sus seguidores a votar por su n\u00famero dos, Fernando Haddad, a quien entronizar\u00e1 como su heredero pol\u00edtico. Intentar\u00e1 repetir as\u00ed la operaci\u00f3n que logr\u00f3 imponer con \u00e9xito (inicialmente, al menos) con Dilma Rousseff.<\/p>\n<p>&nbsp;<\/p>\n<p>Dado al favoritismo descollante que Lula da Silva ven\u00eda mostrando en todas las encuestas, con una intenci\u00f3n de voto cercana al 40% y liderazgo en cualquier escenario de balotaje, la pregunta pasa por cu\u00e1ntos sufragios podr\u00e1 transferirle a Haddad. La mala noticia para el PT es que este registra por s\u00ed mismo apenas un 6% en esos sondeos; la buena es que al menos la mitad de los incondicionales de Lula sufragar\u00e1n por qui\u00e9n este se\u00f1ale. Solo con eso, Haddad podr\u00eda meterse en un segundo turno e incluso tener posibilidades de vencer de acuerdo con qui\u00e9n sea su rival.<\/p>\n<p>&nbsp;<\/p>\n<p>As\u00ed las cosas, \u00bfqui\u00e9n es Fernando Haddad y qu\u00e9 puede esperarse de \u00e9l?<\/p>\n<p>&nbsp;<\/p>\n<p>Responder esas preguntas requiere repasar sus antecedentes. Nacido en San Pablo hace 55 a\u00f1os, tiene perfil acad\u00e9mico, ocup\u00f3 cargos de relevancia en la era del PT y, lo m\u00e1s importante en esta encrucijada, sali\u00f3 ileso de la operaci\u00f3n Lava Jato. Podr\u00eda decirse que es un petista \u201cportador sano\u201d en momentos en que arrecia la lluvia \u00e1cida del Poder Judicial sobre las principales figuras de ese partido, de Lula hacia abajo. En los \u00faltimos d\u00edas, fiscales formalizaron un par de denuncias en su contra, una por alegado desv\u00edo de fondos en sus tiempos en la Alcald\u00eda de San Pablo y la otra por supuesta financiaci\u00f3n ilegal de su campa\u00f1a de 2012. Balas de fogueo: no hay pol\u00edtico en Brasil al que no le achaquen cosas de ese estilo, como le ocurre en estas mismas horas al preferido del mercado, Geraldo Alckmin, y solo buscan un impacto pol\u00edtico, ya que las elecciones llegar\u00e1n mucho antes que cualquier complicaci\u00f3n judicial.<\/p>\n<p>&nbsp;<\/p>\n<p>Haddad es abogado, m\u00e1ster en Econom\u00eda y doctor en Filosof\u00eda, y se desempe\u00f1a como profesor de Teor\u00eda Pol\u00edtica Contempor\u00e1nea en la Universidad de San Pablo.<\/p>\n<p>&nbsp;<\/p>\n<p>Su llegada a la pol\u00edtica pr\u00e1ctica se produjo en 1983, con su afiliaci\u00f3n al PT. Desde entonces, ocup\u00f3 cargos de segunda l\u00ednea en la administraci\u00f3n de Marta Suplicy en la Alcald\u00eda de San Pablo e hizo otro tanto a nivel federal en el primer tramo del mandato de Lula da Silva. Sin embargo, pronto, a partir de 2005 se convirti\u00f3 en ministro de Educaci\u00f3n, cargo que conserv\u00f3 durante la primera mitad del mandato de Rousseff.<\/p>\n<p>&nbsp;<\/p>\n<p>En 2012 renunci\u00f3 para pelear por la alcald\u00eda de su ciudad, la m\u00e1s importante y coraz\u00f3n econ\u00f3mico excluyente de Brasil. Y gan\u00f3, venciendo a Jos\u00e9 Serra, un caudillo hist\u00f3rico en San Pablo de la socialdemocracia, tal el nombre formal del liberal-conservadurismo actual en Brasil.<\/p>\n<p>&nbsp;<\/p>\n<p>Marcelo Rech, director del instituto InfoRel de Brasilia, dijo que \u201cen t\u00e9rminos de perfil, Haddad es joven, moderno y capaz de ser un l\u00edder importante. Pero necesita asumir eso y tambi\u00e9n la responsabilidad de reestructurar un partido que corre un serio peligro de hundirse junto a Lula\u201d.<\/p>\n<p>&nbsp;<\/p>\n<p>En 2016, cuando el viento soplaba de frente y con fuerza contra todo lo que oliera a izquierda, perdi\u00f3 la pelea por su reelecci\u00f3n con el empresario y popular conductor de TV Jo\u00e3o Doria. Apenas un par de meses antes, Dilma hab\u00eda sido eyectada del gobierno en un pol\u00e9mico juicio pol\u00edtico.<\/p>\n<p>&nbsp;<\/p>\n<p>Consultado por este medio, Creomar de Souza, analista pol\u00edtico y profesor de la Universidad Cat\u00f3lica de Brasilia, estim\u00f3 que \u201cHaddad probablemente fue una de las principales v\u00edctimas electorales de la crisis pol\u00edtica que sacudi\u00f3 al PT\u201d<\/p>\n<p>&nbsp;<\/p>\n<p>\u00bfPor qu\u00e9 Lula, entonces, apuesta a un \u201cperdedor\u201d para dar la batalla que puede llevar (o no) a un rescate in extremis del proyecto de la izquierda brasile\u00f1a y, claro, a su propia libertad? Porque Haddad no es un perdedor. En esa \u00faltima elecci\u00f3n, con todo en contra, obtuvo un 16,7% de los votos, una cifra nada despreciable como piso en la capital del principal colegio electoral de Brasil, que significa algo muy parecido a la provincia de Buenos Aires para la Argentina.<\/p>\n<p>&nbsp;<\/p>\n<p>El c\u00e1lculo fue sencillo: Haddad era el hombre indicado porque est\u00e1 a salvo de la Lava Jato, es relativamente joven, puede mostrar un aire de renovaci\u00f3n en el PT y asegura un piso importante de votos en San Pablo, capaz de hacer sinergia con los que est\u00e1n asegurados en el Nordeste, donde los gobiernos de Lula y Dilma sacaron de la miseria a millones de personas.<\/p>\n<p>&nbsp;<\/p>\n<p>\u201cEs un acad\u00e9mico, un profesor universitario y parte de un grupo menos radical del partido. Por otro lado, siempre fue visto por Lula y por Gleisi Hoffman (la actual presidenta del PT) c\u00f3mo un cuadro leal. Se convirti\u00f3 en candidato a medida que otros nombres se tornaron inviables o desagradaron a Lula por tener percepciones distintas de estrategia electoral\u201d, se\u00f1al\u00f3 De Souza.<\/p>\n<p>&nbsp;<\/p>\n<p>Haddad tiene, adem\u00e1s otra ventaja. M\u00e1s all\u00e1 de los interregnos municipales del PT, el estado de San Pablo tiene un electorado que predominantemente se ubica del centro a la derecha, lo que explica no solo la hegemon\u00eda del PSDB de Alckmin, Serra y ahora del outsider Doria sino el propio proceso de derechizaci\u00f3n de la agrupaci\u00f3n que el Fernando Henrique Cardoso del pasado alguna vez imagin\u00f3 como el coraz\u00f3n del progresismo brasile\u00f1o.<\/p>\n<p>&nbsp;<\/p>\n<p>Hablarle a ese electorado y prosperar en \u00e9l les impone a los dirigentes una impronta necesariamente moderada, en postura ideol\u00f3gica y en propensi\u00f3n al di\u00e1logo. Ese es el caso de Haddad, lo que le permite a Lula y al PT so\u00f1ar con reconquistar al menos un fragmento de la clase media perdida.<\/p>\n<p>&nbsp;<\/p>\n<p>As\u00ed, admite hoy que mantiene contacto con los sectores de lo que denomina \u201cempresariado moderno\u201d, pretende modificar y no derogar la dura reforma laboral impuesta por Michel Temer y hasta abre la puerta a un proyecto de cambios en el r\u00e9gimen previsional, uno de los m\u00e1s generosos del mundo.<\/p>\n<p>&nbsp;<\/p>\n<p>Paulo Kramer, analista pol\u00edtico de Brasilia, le dijo a Letra P que \u201cHaddad representar\u00eda la esperanza de la transformaci\u00f3n del PT en un partido de izquierda \u2018normal\u2019, al estilo socialdem\u00f3crata, que aceptar\u00eda expl\u00edcita y sinceramente las \u2018cl\u00e1usulas p\u00e9treas\u2019 de la econom\u00eda de mercado y del r\u00e9gimen representativo y pluralista\u201d.<\/p>\n<p>&nbsp;<\/p>\n<p>\u201cMientras Lula sea el \u00fanico l\u00edder do PT, esa metamorfosis estar\u00e1 descartada. El problema es que, con el paso del tiempo, esa indefinici\u00f3n puede llevar al partido a sucesivos desgastes electorales que lo reduzcan en el mediano plazo\u201d, agreg\u00f3.<\/p>\n<p>&nbsp;<\/p>\n<p>Si este ensayo sin red de ingenier\u00eda electoral tiene \u00e9xito, la cuesti\u00f3n pasar\u00e1 por determinar hasta qu\u00e9 punto Haddad querr\u00e1 o podr\u00e1 ser algo muy diferente de su mentor. Si bien no se le pueden atribuir de ning\u00fan modo intenciones de replicar el distanciamiento que, por caso, Len\u00edn Moreno llev\u00f3 a cabo con Rafael Correa, la pol\u00edtica es din\u00e1mica.<\/p>\n<p>&nbsp;<\/p>\n<p>Creomar de Souza se\u00f1al\u00f3 que \u201cHaddad es un intento del PT de construir un futuro que est\u00e9, por un lado, vinculado con Lula y, por el otro, listo para hablar con las nuevas generaciones que fueron beneficiadas por las pol\u00edticas p\u00fablicas del lulismo\u201d. Un lugar ambiguo. \u201cEs much\u00edsimo m\u00e1s moderado y surge como la opci\u00f3n para refundar el PT despu\u00e9s de todo lo que est\u00e1 pasando. Sigue el liderazgo de Lula, pero sabe que pronto el ex presidente ya no tendr\u00e1 influencia en el rumbo del partido. Veo que su disciplina puede llevarlo a la segunda vuelta, pero eso depende mucho de c\u00f3mo el PT reaccione en las pr\u00f3ximas semanas\u201d, explic\u00f3 Marcelo Rech.<\/p>\n<p>&nbsp;<\/p>\n<p>Son estos d\u00edas de confusi\u00f3n, al punto que dos de las principales encuestadoras de Brasil, Ibope y Datafolha, no saben si pueden divulgar sus \u00faltimos estudios de intenci\u00f3n de voto por no poder preguntar por Lula y por no mediar a\u00fan un llamamiento de esto en favor de un delf\u00edn.<\/p>\n<p>&nbsp;<\/p>\n<p>Este \u00faltimo paso, sin embargo, parece inminente. As\u00ed lo acordaron, indican los trascendidos, Lula y Haddad cuando este \u00faltimo visit\u00f3 al jefe el lunes en el penal de Curitiba en el que cumple pena de 12 a\u00f1os y un mes de c\u00e1rcel por corrupci\u00f3n pasiva y lavado de dinero. La f\u00f3rmula la encabezar\u00e1 el ex alcalde y ministro, seguido de la comunista Manuela D\u2019Avila.<\/p>\n<p>&nbsp;<\/p>\n<p>Lula da Silva presentar\u00e1 en las pr\u00f3ximas horas los recursos judiciales que le quedan. Uno acaba de ser rechazado en el STF, pero le quedan dos m\u00e1s, que nadie espera que prosperen. Son la condici\u00f3n necesaria para alimentar la \u00e9pica de la fren\u00e9tica campa\u00f1a de un mes que se avecina con denuncias de proscripci\u00f3n y de complot pol\u00edtico-judicial.<\/p>\n<p>&nbsp;<\/p>\n<p>Si una buena parte de los casi 40 puntos de intenci\u00f3n de Lula pasan a su delf\u00edn, deber\u00eda ser suficiente para que este pase al segundo turno. Y si en esa instancia su rival resulta el ultraderechista Jair Bolsonaro, un nost\u00e1lgico de la dictadura, de la tortura y de los viejos tiempos en los que el machismo y la homofobia no eran considerados una incorrecci\u00f3n, acaso las puertas del palacio del Planalto se vuelvan a abrir de par en par para el PT.<\/p>\n<p>&nbsp;<\/p>\n<p>Ser\u00eda una redenci\u00f3n impensada, cuyos efectos podr\u00edan derramar en toda Am\u00e9rica Latina.<\/p>\n","protected":false},"excerpt":{"rendered":"<p>El ex presidente, preso e inhabilitado, se dispone a consagrarlo como su sucesor para la elecci\u00f3n del mes que viene. Historia, perfil, ideolog\u00eda y estrategia. \u00bfPuede volver el PT al poder? &nbsp; &nbsp; &nbsp; &nbsp; El pr\u00f3ximo martes 11 es el \u201cd\u00eda D\u201d, aseguran en Brasil. Esa es la v\u00edspera de la fecha impuesta por la m\u00e1xima instancia de la Justicia electoral de ese pa\u00eds para que el Partido de los Trabajadores presente la que ser\u00e1 su f\u00f3rmula presidencial definitiva para los comicios del 7 y el 28 del pr\u00f3ximo&#8230;<\/p>\n","protected":false},"author":3,"featured_media":32359,"comment_status":"closed","ping_status":"closed","sticky":false,"template":"","format":"standard","meta":[],"categories":[4],"tags":[],"_links":{"self":[{"href":"https:\/\/www.actualidadadiario.com\/index.php\/wp-json\/wp\/v2\/posts\/32846"}],"collection":[{"href":"https:\/\/www.actualidadadiario.com\/index.php\/wp-json\/wp\/v2\/posts"}],"about":[{"href":"https:\/\/www.actualidadadiario.com\/index.php\/wp-json\/wp\/v2\/types\/post"}],"author":[{"embeddable":true,"href":"https:\/\/www.actualidadadiario.com\/index.php\/wp-json\/wp\/v2\/users\/3"}],"replies":[{"embeddable":true,"href":"https:\/\/www.actualidadadiario.com\/index.php\/wp-json\/wp\/v2\/comments?post=32846"}],"version-history":[{"count":1,"href":"https:\/\/www.actualidadadiario.com\/index.php\/wp-json\/wp\/v2\/posts\/32846\/revisions"}],"predecessor-version":[{"id":32847,"href":"https:\/\/www.actualidadadiario.com\/index.php\/wp-json\/wp\/v2\/posts\/32846\/revisions\/32847"}],"wp:featuredmedia":[{"embeddable":true,"href":"https:\/\/www.actualidadadiario.com\/index.php\/wp-json\/wp\/v2\/media\/32359"}],"wp:attachment":[{"href":"https:\/\/www.actualidadadiario.com\/index.php\/wp-json\/wp\/v2\/media?parent=32846"}],"wp:term":[{"taxonomy":"category","embeddable":true,"href":"https:\/\/www.actualidadadiario.com\/index.php\/wp-json\/wp\/v2\/categories?post=32846"},{"taxonomy":"post_tag","embeddable":true,"href":"https:\/\/www.actualidadadiario.com\/index.php\/wp-json\/wp\/v2\/tags?post=32846"}],"curies":[{"name":"wp","href":"https:\/\/api.w.org\/{rel}","templated":true}]}}