{"id":3284,"date":"2016-10-25T10:15:21","date_gmt":"2016-10-25T13:15:21","guid":{"rendered":"http:\/\/actualidadadiario.com\/site\/?p=3284"},"modified":"2016-10-25T10:15:21","modified_gmt":"2016-10-25T13:15:21","slug":"urtubey-y-su-ultra-macrismo-argentina-avanzo-en-estos-11-meses","status":"publish","type":"post","link":"https:\/\/www.actualidadadiario.com\/index.php\/2016\/10\/25\/urtubey-y-su-ultra-macrismo-argentina-avanzo-en-estos-11-meses\/","title":{"rendered":"Urtubey y su ultra macrismo: \u201cArgentina avanz\u00f3 en estos 11 meses\u201d"},"content":{"rendered":"<p><em><strong>El gobernador salte\u00f1o alineado con el macrismo sali\u00f3 a defender la gesti\u00f3n asumida en diciembre pasado. Al respecto, destac\u00f3 los supuestos logros del Gobierno y se olvid\u00f3 de los despidos masivos, la inflaci\u00f3n incontrolable y la fuga de divisas. Para \u00e9l \u201cse resolvieron cosas muy importantes\u201d<\/strong><\/em><\/p>\n<p>&nbsp;<\/p>\n<p>&nbsp;<\/p>\n<p>&nbsp;<\/p>\n<p>&nbsp;<\/p>\n<p>&nbsp;<\/p>\n<p>En faceta de ultradefensor del Gobierno, Juan Manuel Urtubey se despach\u00f3 con los supuestos logros del Gobierno en casi un a\u00f1o de gesti\u00f3n. Seg\u00fan la visi\u00f3n del gobernador salte\u00f1o el pa\u00eds \u201cest\u00e1 avanzando\u201d, lo que no defini\u00f3 es hacia d\u00f3nde.<\/p>\n<p>&nbsp;<\/p>\n<p>Desde el Gobernador peronista soft sostuvo por TN que &#8220;se resolvieron cuestiones muy importantes como el default y el cepo cambiario que nos permitieron volver al mundo&#8221;. En una furiosa cr\u00edtica solo alcanz\u00f3 a decir que &#8220;hay cosas que se tendr\u00edan que hacer de otra manera\u201d.<\/p>\n<p>&nbsp;<\/p>\n<p>Respecto de las elecciones del a\u00f1o pr\u00f3ximo, Urtubey ya las dio por perdidas. Lo que destac\u00f3 que la conducci\u00f3n del peronismo saldr\u00e1 reci\u00e9n en 2019. Y que las pr\u00f3ximas elecciones solo ser\u00e1n para elegir \u201ccandidatos provinciales y regionales y despu\u00e9s nos enfocaremos en lo que venga\u201d.<\/p>\n","protected":false},"excerpt":{"rendered":"<p>El gobernador salte\u00f1o alineado con el macrismo sali\u00f3 a defender la gesti\u00f3n asumida en diciembre pasado. Al respecto, destac\u00f3 los supuestos logros del Gobierno y se olvid\u00f3 de los despidos masivos, la inflaci\u00f3n incontrolable y la fuga de divisas. Para \u00e9l \u201cse resolvieron cosas muy importantes\u201d &nbsp; &nbsp; &nbsp; &nbsp; &nbsp; En faceta de ultradefensor del Gobierno, Juan Manuel Urtubey se despach\u00f3 con los supuestos logros del Gobierno en casi un a\u00f1o de gesti\u00f3n. Seg\u00fan la visi\u00f3n del gobernador salte\u00f1o el pa\u00eds \u201cest\u00e1 avanzando\u201d, lo que no defini\u00f3 es hacia&#8230;<\/p>\n","protected":false},"author":3,"featured_media":3285,"comment_status":"closed","ping_status":"closed","sticky":false,"template":"","format":"standard","meta":[],"categories":[18],"tags":[],"_links":{"self":[{"href":"https:\/\/www.actualidadadiario.com\/index.php\/wp-json\/wp\/v2\/posts\/3284"}],"collection":[{"href":"https:\/\/www.actualidadadiario.com\/index.php\/wp-json\/wp\/v2\/posts"}],"about":[{"href":"https:\/\/www.actualidadadiario.com\/index.php\/wp-json\/wp\/v2\/types\/post"}],"author":[{"embeddable":true,"href":"https:\/\/www.actualidadadiario.com\/index.php\/wp-json\/wp\/v2\/users\/3"}],"replies":[{"embeddable":true,"href":"https:\/\/www.actualidadadiario.com\/index.php\/wp-json\/wp\/v2\/comments?post=3284"}],"version-history":[{"count":1,"href":"https:\/\/www.actualidadadiario.com\/index.php\/wp-json\/wp\/v2\/posts\/3284\/revisions"}],"predecessor-version":[{"id":3286,"href":"https:\/\/www.actualidadadiario.com\/index.php\/wp-json\/wp\/v2\/posts\/3284\/revisions\/3286"}],"wp:featuredmedia":[{"embeddable":true,"href":"https:\/\/www.actualidadadiario.com\/index.php\/wp-json\/wp\/v2\/media\/3285"}],"wp:attachment":[{"href":"https:\/\/www.actualidadadiario.com\/index.php\/wp-json\/wp\/v2\/media?parent=3284"}],"wp:term":[{"taxonomy":"category","embeddable":true,"href":"https:\/\/www.actualidadadiario.com\/index.php\/wp-json\/wp\/v2\/categories?post=3284"},{"taxonomy":"post_tag","embeddable":true,"href":"https:\/\/www.actualidadadiario.com\/index.php\/wp-json\/wp\/v2\/tags?post=3284"}],"curies":[{"name":"wp","href":"https:\/\/api.w.org\/{rel}","templated":true}]}}