{"id":32837,"date":"2018-09-07T10:53:20","date_gmt":"2018-09-07T13:53:20","guid":{"rendered":"https:\/\/www.actualidadadiario.com\/?p=32837"},"modified":"2018-11-06T19:38:09","modified_gmt":"2018-11-06T22:38:09","slug":"la-oposicion-llama-a-otra-sesion-para-derogar-la-baja-de-asignaciones","status":"publish","type":"post","link":"https:\/\/www.actualidadadiario.com\/index.php\/2018\/09\/07\/la-oposicion-llama-a-otra-sesion-para-derogar-la-baja-de-asignaciones\/","title":{"rendered":"La oposici\u00f3n llama a otra sesi\u00f3n para derogar la baja de asignaciones"},"content":{"rendered":"<p><em><strong>Ser\u00e1 en diputados, donde ya fracas\u00f3 una. En el Senado se cayeron dos. La pelea se colar\u00e1 en el presupuesto y complica el acuerdo con el FMI<\/strong><\/em><\/p>\n<p>&nbsp;<\/p>\n<p>&nbsp;<\/p>\n<p>&nbsp;<\/p>\n<p>&nbsp;<\/p>\n<p>La oposici\u00f3n intentar\u00e1 otra vez sesionar en diputados para aprobar una ley que deroga el decreto 702\/18, que elimina los beneficios a las asignaciones familiares de la Patagonia y provincias de frontera.<\/p>\n<p>&nbsp;<\/p>\n<p>El llamado lo hizo Graciela Cama\u00f1o, jefa del Frente Renovador, pero tuvo la firma de Diego Bossio, del bloque justicialista, y se sumar\u00e1 el kirchnerismo. Si bien podr\u00edan llegar a la mayor\u00eda para sesionar con el aporte de la izquierda, el Evita y los puntanos, ya lo intentaron el 7 de agosto y\u00a0 quedaron a 10 votos del qu\u00f3rum, por ausencias repartidas en todos los bloques.<\/p>\n<p>&nbsp;<\/p>\n<p>Para evitar que patag\u00f3nicos de Cambiemos asistieran a esa sesi\u00f3n, el Gobierno suspendi\u00f3 la medida por un mes, pero ese tiempo ya pas\u00f3 y no inform\u00f3 ning\u00fan otro parche. La m\u00e1s furiosa era la radical Lorena Matzen, de R\u00edo Negro.<\/p>\n<p>&nbsp;<\/p>\n<p>&#8220;Adem\u00e1s de perversa, es de una insensibilidad y un desconocimiento absoluto&#8221;, protest\u00f3 Cama\u00f1o y record\u00f3 que la medida afecta a cerca de 450.000 personas, entre ellas 100.000 chicos, distribuidas en las provincias de R\u00edo Negro, Neuqu\u00e9n, Tierra del Fuego, Santa Cruz, Chubut, La Pampa, Formosa, Mendoza, Salta y Jujuy.<\/p>\n<p>&nbsp;<\/p>\n<p>En algunos casos, el recorte supera el 70% de lo que perciben actualmente en concepto de salario familiar. El Senado aprobar leyes para derogarlo, pero qued\u00f3 a m\u00e1s de 20 votos del qu\u00f3rum.<\/p>\n<p>&nbsp;<\/p>\n<p>S\u00f3lo el kirchnerismo llev\u00f3 mayor\u00eda excepci\u00f3n de Cristina Kirchner, pero el bloque justicialista s\u00f3lo llev\u00f3 representantes de la Patagonia y Cambiemos dej\u00f3 sus bancas vac\u00edas. S\u00f3lo apareci\u00f3 la aliada Miriam Boyadjian, de Tierra del Fuego.<\/p>\n<p>&nbsp;<\/p>\n<p>&#8220;Nos vamos a seguir reuniendo todas las semanas hasta que haya qu\u00f3rum&#8221;, amenaz\u00f3 el senador Juan Pa\u00eds, justicialista y de Chubut, que estaba rodeado de bancas vac\u00edas.<\/p>\n<p>&nbsp;<\/p>\n<p>Para el Gobierno cualquier expresi\u00f3n del Congreso que implique m\u00e1s gastos es una mala se\u00f1al en el acuerdo con el FMI, pero en la oposici\u00f3n no lo entienden as\u00ed y mucho menos Massa, que no duda en descalificar la negociaci\u00f3n de Nicol\u00e1s Dujovne en Washington.<\/p>\n<p>&nbsp;<\/p>\n<p>Las amenazas en sumar gastos con una ley son otro dolor de cabeza para Macri, que el martes se reunir\u00e1 con los gobernadores para pedirles clemencia y avanzar en un presupuesto acordado. Pero el conflicto abierto por las asignaciones muestra que la negociaci\u00f3n tiene muchos baches.<\/p>\n","protected":false},"excerpt":{"rendered":"<p>Ser\u00e1 en diputados, donde ya fracas\u00f3 una. En el Senado se cayeron dos. La pelea se colar\u00e1 en el presupuesto y complica el acuerdo con el FMI &nbsp; &nbsp; &nbsp; &nbsp; La oposici\u00f3n intentar\u00e1 otra vez sesionar en diputados para aprobar una ley que deroga el decreto 702\/18, que elimina los beneficios a las asignaciones familiares de la Patagonia y provincias de frontera. &nbsp; El llamado lo hizo Graciela Cama\u00f1o, jefa del Frente Renovador, pero tuvo la firma de Diego Bossio, del bloque justicialista, y se sumar\u00e1 el kirchnerismo. Si&#8230;<\/p>\n","protected":false},"author":3,"featured_media":32838,"comment_status":"closed","ping_status":"closed","sticky":false,"template":"","format":"standard","meta":[],"categories":[9],"tags":[],"_links":{"self":[{"href":"https:\/\/www.actualidadadiario.com\/index.php\/wp-json\/wp\/v2\/posts\/32837"}],"collection":[{"href":"https:\/\/www.actualidadadiario.com\/index.php\/wp-json\/wp\/v2\/posts"}],"about":[{"href":"https:\/\/www.actualidadadiario.com\/index.php\/wp-json\/wp\/v2\/types\/post"}],"author":[{"embeddable":true,"href":"https:\/\/www.actualidadadiario.com\/index.php\/wp-json\/wp\/v2\/users\/3"}],"replies":[{"embeddable":true,"href":"https:\/\/www.actualidadadiario.com\/index.php\/wp-json\/wp\/v2\/comments?post=32837"}],"version-history":[{"count":1,"href":"https:\/\/www.actualidadadiario.com\/index.php\/wp-json\/wp\/v2\/posts\/32837\/revisions"}],"predecessor-version":[{"id":32839,"href":"https:\/\/www.actualidadadiario.com\/index.php\/wp-json\/wp\/v2\/posts\/32837\/revisions\/32839"}],"wp:featuredmedia":[{"embeddable":true,"href":"https:\/\/www.actualidadadiario.com\/index.php\/wp-json\/wp\/v2\/media\/32838"}],"wp:attachment":[{"href":"https:\/\/www.actualidadadiario.com\/index.php\/wp-json\/wp\/v2\/media?parent=32837"}],"wp:term":[{"taxonomy":"category","embeddable":true,"href":"https:\/\/www.actualidadadiario.com\/index.php\/wp-json\/wp\/v2\/categories?post=32837"},{"taxonomy":"post_tag","embeddable":true,"href":"https:\/\/www.actualidadadiario.com\/index.php\/wp-json\/wp\/v2\/tags?post=32837"}],"curies":[{"name":"wp","href":"https:\/\/api.w.org\/{rel}","templated":true}]}}