{"id":32834,"date":"2018-09-07T10:52:37","date_gmt":"2018-09-07T13:52:37","guid":{"rendered":"https:\/\/www.actualidadadiario.com\/?p=32834"},"modified":"2018-11-06T19:38:12","modified_gmt":"2018-11-06T22:38:12","slug":"posible-cierre-de-embajadas","status":"publish","type":"post","link":"https:\/\/www.actualidadadiario.com\/index.php\/2018\/09\/07\/posible-cierre-de-embajadas\/","title":{"rendered":"Posible cierre de embajadas"},"content":{"rendered":"<p><em><strong>Jorge Faurie revel\u00f3 que &#8220;trabaja&#8221; para &#8220;ver c\u00f3mo reducir gastos y costos fijos&#8221; y no descart\u00f3 desprenderse de sedes diplom\u00e1ticas. &#8220;Analizamos c\u00f3mo racionalizar recursos&#8221;, afirm\u00f3<\/strong><\/em><\/p>\n<p>&nbsp;<\/p>\n<p>&nbsp;<\/p>\n<p>&nbsp;<\/p>\n<p>&nbsp;<\/p>\n<p>En sinton\u00eda con el plan de ajuste que lanz\u00f3 Mauricio Macri la semana pasada, el canciller Jorge Faurie no descart\u00f3 la posibilidad de cerrar embajadas argentinas por el mundo y confirm\u00f3 que est\u00e1 bajo an\u00e1lisis &#8220;una reducci\u00f3n de gastos&#8221;.<\/p>\n<p>&nbsp;<\/p>\n<p>&#8220;Estamos trabajando en ver c\u00f3mo reducir gastos, c\u00f3mo reducir los costos fijos que tienen nuestras representaciones en el exterior, que por la diferencia cambiaria se transforma para nuestro presupuesto en un impacto alto&#8221;, expres\u00f3 el jefe de la diplomacia nacional. Es que desde abril a agosto el d\u00f3lar subi\u00f3 de $ 20 a $ 40 y en lo va del a\u00f1o ya acumula un aumento de m\u00e1s del 100%.<\/p>\n<p>&nbsp;<\/p>\n<p>&#8220;Analizamos c\u00f3mo racionalizar recursos y al mismo tiempo mantener el objetivo general de la pol\u00edtica exterior que es la inserci\u00f3n argentina en el mundo, para lo cual necesitamos poder llegar con la oferta de nuestros productos&#8221;, agreg\u00f3.<\/p>\n<p>&nbsp;<\/p>\n<p>En virtud de la crisis econ\u00f3mica financiera por la que atraviesa el pa\u00eds, Faurie asegur\u00f3 que &#8220;eventualmente&#8221; puede cerrar alguna sede consular, si se considera que puede cumplirse el objetivo de la pol\u00edtica exterior de una mejor forma.<\/p>\n<p>&nbsp;<\/p>\n<p>Al ser consultado sobre las versiones que indicaban que iba a ser reemplazado por Alfonso Prat Gay, dijo que &#8220;no tiene ninguna importancia&#8221; cu\u00e1l es el nombre del funcionario sino &#8220;la respuesta que se le da a la gente&#8221;.<\/p>\n<p>&nbsp;<\/p>\n<p>&#8220;Ac\u00e1 lo que hay es un proyecto de Gobierno, un conjunto de ideas, un conjunto de iniciativas y de trabajo compartido para lograr que los argentinos vivan mejor. Si (el funcionario) es A o B, no tiene ninguna importancia&#8221;, se\u00f1al\u00f3. &#8220;Lo importante es darle una respuesta a la gente &#8220;, agreg\u00f3.<\/p>\n<p>&nbsp;<\/p>\n<p>&nbsp;<\/p>\n<p><strong>En carne propia<\/strong><\/p>\n<p>En otro tramo de la entrevista, el funcionario destac\u00f3 el &#8220;buen nivel de relaciones&#8221; que mantiene la Argentina con los Estados Unidos. &#8220;Tenemos un buen nivel de relaciones basado en los intereses compartidos como la visi\u00f3n de la regi\u00f3n y del mundo, la defensa de la democracia y la libertad, y el mantenimiento de corrientes de comercio&#8221;, manifest\u00f3 Faurie.<\/p>\n<p>&nbsp;<\/p>\n<p>&#8220;La declaraci\u00f3n del presidente Donald Trump, tras las conversaciones con el presidente Mauricio Macri, muestra claramente que el gobierno de los Estados Unidos da un fuerte apoyo a las reformas que se est\u00e1n llevando adelante&#8221;, a\u00f1adi\u00f3.<\/p>\n<p>&nbsp;<\/p>\n<p>En declaraciones formuladas a radio La Red, el canciller consider\u00f3 como &#8220;un factor positivo&#8221; el conocimiento previo entre Trump y Macri porque permite tratar asuntos bilaterales con un sentido de confianza y apoyo de uno hacia el otro.<\/p>\n<p>&nbsp;<\/p>\n<p>Asimismo, al ser consultado sobre la existencia &#8220;relaciones carnales&#8221; con los Estados Unidos, descart\u00f3 la utilizaci\u00f3n de esos t\u00e9rminos en el v\u00ednculo entre pa\u00edses y asegur\u00f3 que solo se puede hablar de intereses &#8220;que hacen coincidir el trabajo&#8221;.<\/p>\n","protected":false},"excerpt":{"rendered":"<p>Jorge Faurie revel\u00f3 que &#8220;trabaja&#8221; para &#8220;ver c\u00f3mo reducir gastos y costos fijos&#8221; y no descart\u00f3 desprenderse de sedes diplom\u00e1ticas. &#8220;Analizamos c\u00f3mo racionalizar recursos&#8221;, afirm\u00f3 &nbsp; &nbsp; &nbsp; &nbsp; En sinton\u00eda con el plan de ajuste que lanz\u00f3 Mauricio Macri la semana pasada, el canciller Jorge Faurie no descart\u00f3 la posibilidad de cerrar embajadas argentinas por el mundo y confirm\u00f3 que est\u00e1 bajo an\u00e1lisis &#8220;una reducci\u00f3n de gastos&#8221;. &nbsp; &#8220;Estamos trabajando en ver c\u00f3mo reducir gastos, c\u00f3mo reducir los costos fijos que tienen nuestras representaciones en el exterior, que por&#8230;<\/p>\n","protected":false},"author":3,"featured_media":32835,"comment_status":"closed","ping_status":"closed","sticky":false,"template":"","format":"standard","meta":[],"categories":[18],"tags":[],"_links":{"self":[{"href":"https:\/\/www.actualidadadiario.com\/index.php\/wp-json\/wp\/v2\/posts\/32834"}],"collection":[{"href":"https:\/\/www.actualidadadiario.com\/index.php\/wp-json\/wp\/v2\/posts"}],"about":[{"href":"https:\/\/www.actualidadadiario.com\/index.php\/wp-json\/wp\/v2\/types\/post"}],"author":[{"embeddable":true,"href":"https:\/\/www.actualidadadiario.com\/index.php\/wp-json\/wp\/v2\/users\/3"}],"replies":[{"embeddable":true,"href":"https:\/\/www.actualidadadiario.com\/index.php\/wp-json\/wp\/v2\/comments?post=32834"}],"version-history":[{"count":1,"href":"https:\/\/www.actualidadadiario.com\/index.php\/wp-json\/wp\/v2\/posts\/32834\/revisions"}],"predecessor-version":[{"id":32836,"href":"https:\/\/www.actualidadadiario.com\/index.php\/wp-json\/wp\/v2\/posts\/32834\/revisions\/32836"}],"wp:featuredmedia":[{"embeddable":true,"href":"https:\/\/www.actualidadadiario.com\/index.php\/wp-json\/wp\/v2\/media\/32835"}],"wp:attachment":[{"href":"https:\/\/www.actualidadadiario.com\/index.php\/wp-json\/wp\/v2\/media?parent=32834"}],"wp:term":[{"taxonomy":"category","embeddable":true,"href":"https:\/\/www.actualidadadiario.com\/index.php\/wp-json\/wp\/v2\/categories?post=32834"},{"taxonomy":"post_tag","embeddable":true,"href":"https:\/\/www.actualidadadiario.com\/index.php\/wp-json\/wp\/v2\/tags?post=32834"}],"curies":[{"name":"wp","href":"https:\/\/api.w.org\/{rel}","templated":true}]}}