{"id":32831,"date":"2018-09-07T10:51:12","date_gmt":"2018-09-07T13:51:12","guid":{"rendered":"https:\/\/www.actualidadadiario.com\/?p=32831"},"modified":"2018-11-06T19:38:12","modified_gmt":"2018-11-06T22:38:12","slug":"carrio-pronostico-que-vienen-dias-terribles","status":"publish","type":"post","link":"https:\/\/www.actualidadadiario.com\/index.php\/2018\/09\/07\/carrio-pronostico-que-vienen-dias-terribles\/","title":{"rendered":"Carri\u00f3 pronostic\u00f3 que &#8220;vienen d\u00edas terribles&#8221;"},"content":{"rendered":"<p><em><strong>La diputada oficialista Elisa Carri\u00f3 anticip\u00f3 que en los pr\u00f3ximos meses se vivir\u00e1n &#8220;los d\u00edas m\u00e1s terribles&#8221;, pero se esperanz\u00f3 en que en julio del a\u00f1o pr\u00f3ximo se ver\u00e1 &#8220;la prosperidad que genera todo este proceso&#8221; econ\u00f3mico y ganar\u00e1n las elecciones, al tiempo que lanz\u00f3 advertencias sobre posibles saqueos<\/strong><\/em><\/p>\n<p>&nbsp;<\/p>\n<p>&nbsp;<\/p>\n<p>&nbsp;<\/p>\n<p>&nbsp;<\/p>\n<p>&#8220;Vamos a pasar los d\u00edas m\u00e1s terribles de la Argentina, pero hay que resistir. Son seis meses&#8221;, vaticin\u00f3 la co fundadora de Cambiemos durante un evento con ejecutivos de todo el pa\u00eds en el Hotel Alvear.<\/p>\n<p>&nbsp;<\/p>\n<p>La chaque\u00f1a advirti\u00f3 que &#8220;hay personas que est\u00e1n jugando su impunidad&#8221; y que &#8220;est\u00e1n tomando los chicos de las villas para que saqueen&#8221;, tras lo cual agreg\u00f3: &#8220;Por eso les advert\u00ed que me van a tener que matar. Qu\u00e9 \u00b4chic\u00b4 que me mate DEl\u00eda&#8221;.<\/p>\n<p>&nbsp;<\/p>\n<p>Seguidamente, la diputada augur\u00f3 que &#8220;en julio se va a ver la prosperidad que genera todo este proceso&#8221; econ\u00f3mico y que luego de eso Cambiemos &#8220;ganar\u00e1 las elecciones del a\u00f1o del a\u00f1o que viene&#8221;. En este sentido, la dirigente oficialista pidi\u00f3 a los empresarios que tengan &#8220;una mirada m\u00e1s de largo plazo, la mirada de la fe&#8221; y agreg\u00f3: &#8220;Por eso soy optimista. Yo estoy viendo una luz, la salida al final del t\u00fanel&#8221;.<\/p>\n<p>&nbsp;<\/p>\n<p>Adem\u00e1s se refiri\u00f3 al debate sobre la extinci\u00f3n de dominio y se\u00f1al\u00f3 que el proyecto que aprob\u00f3 el Senado &#8220;no existe&#8221; pero que el Gobierno podr\u00eda avanzar con un decreto que, seg\u00fan dijo, el presidente Mauricio Macri &#8220;est\u00e1 decidido&#8221; a firmar.<\/p>\n","protected":false},"excerpt":{"rendered":"<p>La diputada oficialista Elisa Carri\u00f3 anticip\u00f3 que en los pr\u00f3ximos meses se vivir\u00e1n &#8220;los d\u00edas m\u00e1s terribles&#8221;, pero se esperanz\u00f3 en que en julio del a\u00f1o pr\u00f3ximo se ver\u00e1 &#8220;la prosperidad que genera todo este proceso&#8221; econ\u00f3mico y ganar\u00e1n las elecciones, al tiempo que lanz\u00f3 advertencias sobre posibles saqueos &nbsp; &nbsp; &nbsp; &nbsp; &#8220;Vamos a pasar los d\u00edas m\u00e1s terribles de la Argentina, pero hay que resistir. Son seis meses&#8221;, vaticin\u00f3 la co fundadora de Cambiemos durante un evento con ejecutivos de todo el pa\u00eds en el Hotel Alvear. &nbsp;&#8230;<\/p>\n","protected":false},"author":3,"featured_media":32832,"comment_status":"closed","ping_status":"closed","sticky":false,"template":"","format":"standard","meta":[],"categories":[18],"tags":[],"_links":{"self":[{"href":"https:\/\/www.actualidadadiario.com\/index.php\/wp-json\/wp\/v2\/posts\/32831"}],"collection":[{"href":"https:\/\/www.actualidadadiario.com\/index.php\/wp-json\/wp\/v2\/posts"}],"about":[{"href":"https:\/\/www.actualidadadiario.com\/index.php\/wp-json\/wp\/v2\/types\/post"}],"author":[{"embeddable":true,"href":"https:\/\/www.actualidadadiario.com\/index.php\/wp-json\/wp\/v2\/users\/3"}],"replies":[{"embeddable":true,"href":"https:\/\/www.actualidadadiario.com\/index.php\/wp-json\/wp\/v2\/comments?post=32831"}],"version-history":[{"count":1,"href":"https:\/\/www.actualidadadiario.com\/index.php\/wp-json\/wp\/v2\/posts\/32831\/revisions"}],"predecessor-version":[{"id":32833,"href":"https:\/\/www.actualidadadiario.com\/index.php\/wp-json\/wp\/v2\/posts\/32831\/revisions\/32833"}],"wp:featuredmedia":[{"embeddable":true,"href":"https:\/\/www.actualidadadiario.com\/index.php\/wp-json\/wp\/v2\/media\/32832"}],"wp:attachment":[{"href":"https:\/\/www.actualidadadiario.com\/index.php\/wp-json\/wp\/v2\/media?parent=32831"}],"wp:term":[{"taxonomy":"category","embeddable":true,"href":"https:\/\/www.actualidadadiario.com\/index.php\/wp-json\/wp\/v2\/categories?post=32831"},{"taxonomy":"post_tag","embeddable":true,"href":"https:\/\/www.actualidadadiario.com\/index.php\/wp-json\/wp\/v2\/tags?post=32831"}],"curies":[{"name":"wp","href":"https:\/\/api.w.org\/{rel}","templated":true}]}}