{"id":32828,"date":"2018-09-07T10:48:30","date_gmt":"2018-09-07T13:48:30","guid":{"rendered":"https:\/\/www.actualidadadiario.com\/?p=32828"},"modified":"2018-11-06T19:38:13","modified_gmt":"2018-11-06T22:38:13","slug":"diputados-analiza-proyectos-para-separar-a-la-iglesia-del-estado","status":"publish","type":"post","link":"https:\/\/www.actualidadadiario.com\/index.php\/2018\/09\/07\/diputados-analiza-proyectos-para-separar-a-la-iglesia-del-estado\/","title":{"rendered":"Diputados analiza proyectos para separar a la Iglesia del Estado"},"content":{"rendered":"<p><em><strong>La campa\u00f1a, identificada con el pa\u00f1uelo naranja bajo el lema &#8220;Iglesia y Estado, asuntos separados&#8221; cobr\u00f3 fuerza y visibilidad a partir del debate por la legalizaci\u00f3n del aborto<\/strong><\/em><\/p>\n<p>&nbsp;<\/p>\n<p>&nbsp;<\/p>\n<p>&nbsp;<\/p>\n<p>&nbsp;<\/p>\n<p>En la C\u00e1mara de Diputados se celebr\u00f3 este jueves una audiencia p\u00fablica en la que se exhibieron varios proyectos de ley que apuntan a la separaci\u00f3n de la Iglesia del Estado, entre ellas una iniciativa para quitar el pago de dietas a obispos y auxiliares.<\/p>\n<p>&nbsp;<\/p>\n<p>La sala 1 del anexo alberg\u00f3 la actividad que fue organizada por los diputados del PTS-Frente de Izquierda y asistieron legisladores de otras fuerzas, as\u00ed como representantes de organismos de Derechos Humanos como la referentes de Madres de Plaza de Mayo L\u00ednea Fundadora, Nora Corti\u00f1as.<\/p>\n<p>&nbsp;<\/p>\n<p>La campa\u00f1a por la separaci\u00f3n de la Iglesia del Estado, identificada con el pa\u00f1uelo naranja bajo el lema &#8220;Iglesia y Estado, asuntos separados&#8221; cobr\u00f3 fuerza y visibilidad a partir del debate por la legalizaci\u00f3n del aborto, que estuvo cerca de convertirse en ley.<\/p>\n<p>&nbsp;<\/p>\n<p>&#8220;Cada persona tiene derecho a creer lo que considere. Ahora eso no significa que una religi\u00f3n deba que tener privilegios&#8221;, dijo Del Ca\u00f1o.<\/p>\n","protected":false},"excerpt":{"rendered":"<p>La campa\u00f1a, identificada con el pa\u00f1uelo naranja bajo el lema &#8220;Iglesia y Estado, asuntos separados&#8221; cobr\u00f3 fuerza y visibilidad a partir del debate por la legalizaci\u00f3n del aborto &nbsp; &nbsp; &nbsp; &nbsp; En la C\u00e1mara de Diputados se celebr\u00f3 este jueves una audiencia p\u00fablica en la que se exhibieron varios proyectos de ley que apuntan a la separaci\u00f3n de la Iglesia del Estado, entre ellas una iniciativa para quitar el pago de dietas a obispos y auxiliares. &nbsp; La sala 1 del anexo alberg\u00f3 la actividad que fue organizada por&#8230;<\/p>\n","protected":false},"author":3,"featured_media":32829,"comment_status":"closed","ping_status":"closed","sticky":false,"template":"","format":"standard","meta":[],"categories":[18],"tags":[],"_links":{"self":[{"href":"https:\/\/www.actualidadadiario.com\/index.php\/wp-json\/wp\/v2\/posts\/32828"}],"collection":[{"href":"https:\/\/www.actualidadadiario.com\/index.php\/wp-json\/wp\/v2\/posts"}],"about":[{"href":"https:\/\/www.actualidadadiario.com\/index.php\/wp-json\/wp\/v2\/types\/post"}],"author":[{"embeddable":true,"href":"https:\/\/www.actualidadadiario.com\/index.php\/wp-json\/wp\/v2\/users\/3"}],"replies":[{"embeddable":true,"href":"https:\/\/www.actualidadadiario.com\/index.php\/wp-json\/wp\/v2\/comments?post=32828"}],"version-history":[{"count":1,"href":"https:\/\/www.actualidadadiario.com\/index.php\/wp-json\/wp\/v2\/posts\/32828\/revisions"}],"predecessor-version":[{"id":32830,"href":"https:\/\/www.actualidadadiario.com\/index.php\/wp-json\/wp\/v2\/posts\/32828\/revisions\/32830"}],"wp:featuredmedia":[{"embeddable":true,"href":"https:\/\/www.actualidadadiario.com\/index.php\/wp-json\/wp\/v2\/media\/32829"}],"wp:attachment":[{"href":"https:\/\/www.actualidadadiario.com\/index.php\/wp-json\/wp\/v2\/media?parent=32828"}],"wp:term":[{"taxonomy":"category","embeddable":true,"href":"https:\/\/www.actualidadadiario.com\/index.php\/wp-json\/wp\/v2\/categories?post=32828"},{"taxonomy":"post_tag","embeddable":true,"href":"https:\/\/www.actualidadadiario.com\/index.php\/wp-json\/wp\/v2\/tags?post=32828"}],"curies":[{"name":"wp","href":"https:\/\/api.w.org\/{rel}","templated":true}]}}