{"id":32822,"date":"2018-09-07T10:47:01","date_gmt":"2018-09-07T13:47:01","guid":{"rendered":"https:\/\/www.actualidadadiario.com\/?p=32822"},"modified":"2018-11-06T19:38:13","modified_gmt":"2018-11-06T22:38:13","slug":"rogelio-frigerio-aseguro-que-se-avanzo-en-las-negociaciones-para-alcanzar-las-metas-de-2019","status":"publish","type":"post","link":"https:\/\/www.actualidadadiario.com\/index.php\/2018\/09\/07\/rogelio-frigerio-aseguro-que-se-avanzo-en-las-negociaciones-para-alcanzar-las-metas-de-2019\/","title":{"rendered":"Rogelio Frigerio asegur\u00f3 que se avanz\u00f3 en las negociaciones para alcanzar las metas de 2019"},"content":{"rendered":"<p><em><strong>Ayer se reuni\u00f3 con ministros de Econom\u00eda de las provincias y asegur\u00f3 que progres\u00f3 en el acuerdo para alcanzar el esfuerzo fiscal al que el Gobierno se comprometi\u00f3 ante el FMI. El martes Macri se reunir\u00e1 con los gobernadores<\/strong><\/em><\/p>\n<p>&nbsp;<\/p>\n<p>&nbsp;<\/p>\n<p>&nbsp;<\/p>\n<p>&nbsp;<\/p>\n<p>&nbsp;<\/p>\n<p>El ministro de Interior, Rogelio Frigerio, se mostr\u00f3 optimista de lograr un acuerdo con las provincias sobre las formas en que se repartir\u00e1 el severo ajuste que tendr\u00e1 el Presupuesto nacional del a\u00f1o pr\u00f3ximo. El ministro, que encabez\u00f3 las negociaciones con los ministros de Econom\u00eda provinciales, afirm\u00f3 que \u201cavanzaron\u201d en \u201cun acuerdo en cuanto al esfuerzo fiscal que hay que hacer para alcanzar esa meta en 2019\u201d. Frigerio estim\u00f3 que en la reuni\u00f3n que mantendr\u00e1n el pr\u00f3ximo martes el presidente Mauricio Macri con los gobernadores se \u201cestar\u00eda cerrando\u201d el borrador del proyecto de ley \u201cpara enviarlo el viernes\u201d al Congreso. Aunque todav\u00eda no est\u00e1 definido si el ministro de Hacienda, Nicol\u00e1s Dujovne, ir\u00e1 ese mismo d\u00eda a la C\u00e1mara de Diputados a defender frente a los legisladores los recortes impuestos por el Fondo Monetario Internacional (FMI).<\/p>\n<p>&nbsp;<\/p>\n<p>\u201cTerminamos una reuni\u00f3n larga con todas las jurisdicciones del pa\u00eds y avanzamos en la parte fiscal del Presupuesto. Por supuesto que todav\u00eda queda la discusi\u00f3n parlamentaria de los detalles del presupuesto, pero claramente hemos avanzado en ponernos de acuerdo en cuanto al esfuerzo fiscal que hay que hacer para alcanzar el equilibrio de las cuentas p\u00fablicas en 2019\u201d, destac\u00f3 Frigerio para anunciar las buenas nuevas para el Gobierno en rueda de prensa tras la \u201creuni\u00f3n de trabajo\u201d que tuvo en Casa Rosada con los ministros provinciales.<\/p>\n<p>&nbsp;<\/p>\n<p>El ministro, que tambi\u00e9n tiene a cargo en su cartera Obras P\u00fablicas y Vivienda, dio algunos detalles de la negociaci\u00f3n. Por caso adelant\u00f3 que se est\u00e1 trabajando \u201csobre los ingresos para compensar una parte de ese esfuerzo, sobre todo, postergando por 12 meses algunas de las reducciones de impuestos que planteamos en el marco de la crisis\u201d, como defini\u00f3, entre otros, la suspensi\u00f3n de las rebajas previstas en las retenciones a las exportaciones agropecuarias. Pero insisti\u00f3 con la idea de \u201csostener la rebaja en Ingresos Brutos\u201d, que recaudan las provincias.<\/p>\n<p>&nbsp;<\/p>\n<p>\u201cLo que se ha planteado es una transferencia gradual de algunas responsabilidades que estaban en la \u00f3rbita nacional hacia las provincias, en el marco de un pa\u00eds federal en serio, como el que estamos construyendo, en el que las provincias reciben cada vez m\u00e1s recursos\u201d, dijo Frigerio. \u201cDeben ser las provincias las que definan, con mayor autonom\u00eda y en un contexto de mayores recursos, cu\u00e1les son las mejores pol\u00edticas en cada jurisdicci\u00f3n en temas como los subsidios al transporte urbano local, intrajurisdiccional, o la tarifa social\u201d en electricidad, sostuvo el ministro en sinton\u00eda con la visi\u00f3n del Gobierno sobre federalismo.<\/p>\n<p>&nbsp;<\/p>\n<p>Los ministros provinciales, en tanto, llegaron al c\u00f3nclave con dudas que a\u00fan no se conoce si lograron evacuar. \u201cNo tenemos muy claro por el lado de los gastos\u201d c\u00f3mo ser\u00e1 el \u201cimpacto\u201d que tendr\u00e1 \u201cel hecho que la Naci\u00f3n deje de subsidiar\u201d al transporte, dijo al llegar a Casa Rosada el titular de la cartera econ\u00f3mica de C\u00f3rdoba, Osvaldo Giordano, en representaci\u00f3n de unas de las provincias m\u00e1s proclives al acuerdo. Giordano tambi\u00e9n plante\u00f3 la duda sobre \u201cqu\u00e9 presi\u00f3n genera en los municipios y las provincias, y qu\u00e9 impacto podr\u00edan tener los cambios impositivos\u201d. Pero los funcionarios provinciales no formaron parte de la rueda de prensa en la que Frigerio desparram\u00f3 su optimismo.<\/p>\n<p>&nbsp;<\/p>\n<p>De todas maneras, el ministro de Interior remarc\u00f3 que la de ayer fue \u201cuna reuni\u00f3n de trabajo\u201d y que la actitud frente al Presupuesto \u201ces una decisi\u00f3n que se toma en el m\u00e1s alto nivel pol\u00edtico de cada jurisdicci\u00f3n, con los gobernadores y con el Presidente de la Naci\u00f3n\u201d. Al tiempo que sostuvo que la reuni\u00f3n del pr\u00f3ximo martes, entre Macri y los mandatarios provinciales \u201ces m\u00e1s que una foto\u201d.<\/p>\n<p>&nbsp;<\/p>\n<p>\u201cTenemos que mostrar que somos todos conscientes de las dificultades por las que atraviesa el pa\u00eds y la necesidad de dar una se\u00f1al clara de que la Argentina est\u00e1 atacando el peor error, un Estado que gasta m\u00e1s de lo que recauda. En general, los gobernadores lo entienden as\u00ed\u201d, concluy\u00f3 Frigerio tomando distancia de cualquier autocr\u00edtica sobre las responsabilidades del gobierno de Cambiemos ante la crisis econ\u00f3mica.<\/p>\n<p>&nbsp;<\/p>\n<p>De cumplirse los pron\u00f3sticos de Frigerio, el martes pr\u00f3ximo estar\u00eda listo el borrador del presupuesto que el mismo viernes llegar\u00eda al Congreso. Ah\u00ed comenzar\u00e1 en la C\u00e1mara de Diputados la discusi\u00f3n parlamentaria sobre el texto original del proyecto y la letra chica de cada acuerdo al que se haya arribado entre la Naci\u00f3n y las provincias.<\/p>\n","protected":false},"excerpt":{"rendered":"<p>Ayer se reuni\u00f3 con ministros de Econom\u00eda de las provincias y asegur\u00f3 que progres\u00f3 en el acuerdo para alcanzar el esfuerzo fiscal al que el Gobierno se comprometi\u00f3 ante el FMI. El martes Macri se reunir\u00e1 con los gobernadores &nbsp; &nbsp; &nbsp; &nbsp; &nbsp; El ministro de Interior, Rogelio Frigerio, se mostr\u00f3 optimista de lograr un acuerdo con las provincias sobre las formas en que se repartir\u00e1 el severo ajuste que tendr\u00e1 el Presupuesto nacional del a\u00f1o pr\u00f3ximo. El ministro, que encabez\u00f3 las negociaciones con los ministros de Econom\u00eda provinciales,&#8230;<\/p>\n","protected":false},"author":3,"featured_media":32823,"comment_status":"closed","ping_status":"closed","sticky":false,"template":"","format":"standard","meta":[],"categories":[18],"tags":[],"_links":{"self":[{"href":"https:\/\/www.actualidadadiario.com\/index.php\/wp-json\/wp\/v2\/posts\/32822"}],"collection":[{"href":"https:\/\/www.actualidadadiario.com\/index.php\/wp-json\/wp\/v2\/posts"}],"about":[{"href":"https:\/\/www.actualidadadiario.com\/index.php\/wp-json\/wp\/v2\/types\/post"}],"author":[{"embeddable":true,"href":"https:\/\/www.actualidadadiario.com\/index.php\/wp-json\/wp\/v2\/users\/3"}],"replies":[{"embeddable":true,"href":"https:\/\/www.actualidadadiario.com\/index.php\/wp-json\/wp\/v2\/comments?post=32822"}],"version-history":[{"count":1,"href":"https:\/\/www.actualidadadiario.com\/index.php\/wp-json\/wp\/v2\/posts\/32822\/revisions"}],"predecessor-version":[{"id":32824,"href":"https:\/\/www.actualidadadiario.com\/index.php\/wp-json\/wp\/v2\/posts\/32822\/revisions\/32824"}],"wp:featuredmedia":[{"embeddable":true,"href":"https:\/\/www.actualidadadiario.com\/index.php\/wp-json\/wp\/v2\/media\/32823"}],"wp:attachment":[{"href":"https:\/\/www.actualidadadiario.com\/index.php\/wp-json\/wp\/v2\/media?parent=32822"}],"wp:term":[{"taxonomy":"category","embeddable":true,"href":"https:\/\/www.actualidadadiario.com\/index.php\/wp-json\/wp\/v2\/categories?post=32822"},{"taxonomy":"post_tag","embeddable":true,"href":"https:\/\/www.actualidadadiario.com\/index.php\/wp-json\/wp\/v2\/tags?post=32822"}],"curies":[{"name":"wp","href":"https:\/\/api.w.org\/{rel}","templated":true}]}}