{"id":32819,"date":"2018-09-07T10:46:11","date_gmt":"2018-09-07T13:46:11","guid":{"rendered":"https:\/\/www.actualidadadiario.com\/?p=32819"},"modified":"2018-11-06T19:38:13","modified_gmt":"2018-11-06T22:38:13","slug":"macri-confio-en-que-su-gobierno-esta-haciendo-los-esfuerzos-correctos","status":"publish","type":"post","link":"https:\/\/www.actualidadadiario.com\/index.php\/2018\/09\/07\/macri-confio-en-que-su-gobierno-esta-haciendo-los-esfuerzos-correctos\/","title":{"rendered":"Macri confi\u00f3 en que su Gobierno est\u00e1 &#8220;haciendo los esfuerzos correctos&#8221;"},"content":{"rendered":"<p><em><strong>El presidente Mauricio Macri remarc\u00f3 en una cumbre de ministros del G20 que los argentinos decidieron atravesar &#8220;los problemas con humildad y con la templanza necesaria para seguir haciendo el esfuerzo correcto&#8221; para salir adelante<\/strong><\/em><\/p>\n<p>&nbsp;<\/p>\n<p>&nbsp;<\/p>\n<p>&nbsp;<\/p>\n<p>&nbsp;<\/p>\n<p>&#8220;Estamos transitando un per\u00edodo de cambios profundos, en un mundo que tambi\u00e9n est\u00e1 sufriendo cambios profundos, y los argentinos decidimos atravesarlos con humildad, aceptando los problemas y con la templanza necesaria para seguir haciendo el esfuerzo correcto&#8221;, evalu\u00f3 el jefe de Estado.<\/p>\n<p>&nbsp;<\/p>\n<p>Lo hizo al encabezar el plenario de Educaci\u00f3n y de Empleo del G20, realizado en el Hotel Intercontinental de Mendoza, donde estuvo acompa\u00f1ado por el titular de la cartera educativa, Alejandro Finocchiaro, y el secretario de Trabajo, Jorge Triaca, adem\u00e1s del gobernador anfitri\u00f3n, Alfredo Cornejo.<\/p>\n<p>&nbsp;<\/p>\n<p>&#8220;Les agradezco por su compromiso de seguir trabajando juntos con el esp\u00edritu de consenso que gu\u00eda la presidencia argentina del G20&#8221;, se\u00f1al\u00f3 Macri a los ministros de los pa\u00edses miembros.<\/p>\n<p>&nbsp;<\/p>\n<p>Y agreg\u00f3: &#8220;Cuando hablamos de calidad de vida y de futuro, hablamos de educaci\u00f3n y de trabajo que son las \u00fanicas v\u00edas para lograr el desarrollo equitativo y sostenible&#8221;.<\/p>\n<p>&nbsp;<\/p>\n<p>El mandatario destac\u00f3 adem\u00e1s que la cumbre de l\u00edderes del G20 del 30 de noviembre y 1 de diciembre en Buenos Aires ser\u00e1 la primera en Sudam\u00e9rica, &#8220;una regi\u00f3n con ganas de aportar su visi\u00f3n y sus aspiraciones de avanzar hacia un futuro mejor&#8221;. Macri llam\u00f3 a &#8220;aportar conclusiones pr\u00e1cticas sobre c\u00f3mo forjar las oportunidades y habilidades que preparen a nuestros ciudadanos para el cambio&#8221;.<\/p>\n<p>&nbsp;<\/p>\n<p>Participaron del encuentro representantes de Estados Unidos, Alemania, China, Jap\u00f3n, Gran Breta\u00f1a, Brasil, Canad\u00e1, Francia, India, Rusia, Italia, M\u00e9xico, Indonesia, Arabia Saudita, Corea del Sur, Sud\u00e1frica, Turqu\u00eda, Australia y la Uni\u00f3n Europea.<\/p>\n<p>&nbsp;<\/p>\n<p>En la Primera Reuni\u00f3n Conjunta de Ministros de Trabajo y Educaci\u00f3n del G20, los m\u00e1ximos referentes de las \u00e1reas destacaron la importancia de coordinar pol\u00edticas de formaci\u00f3n en habilidades para encarar el futuro del trabajo.<\/p>\n<p>&nbsp;<\/p>\n<p>El documento final de la reuni\u00f3n puso el \u00e9nfasis en el desaf\u00edo que implica adaptarse a los nuevos escenarios que hoy nos plantean la innovaci\u00f3n tecnol\u00f3gica, las transformaciones econ\u00f3micas y los cambios sociales que inciden en el mundo del trabajo.<\/p>\n<p>&nbsp;<\/p>\n<p>La reuni\u00f3n de los Ministerios de Educaci\u00f3n y de Trabajo del G20 comenz\u00f3 con un discurso de apertura de Triaca, que arroj\u00f3 un mensaje en l\u00ednea con lo expresado en el documento. El funcionario resalt\u00f3 que &#8220;el empleo joven es una prioridad&#8221;, ya que &#8220;la tendencia mundial de desempleo juvenil duplica la tasa de desempleo de adultos, por lo que los gobiernos debemos trabajar en dise\u00f1ar pol\u00edticas que se adapten a estas realidades&#8221;.<\/p>\n<p>&nbsp;<\/p>\n<p>&#8220;Es un problema en relaci\u00f3n a la brecha de habilidades, especialmente para Latinoam\u00e9rica, donde el 27% de la poblaci\u00f3n es menor a 30 a\u00f1os. Es una enorme potencialidad y desaf\u00edo de nuestra regi\u00f3n, y debemos dar respuestas acordes para lograr prevenir las desigualdades&#8221;, se\u00f1al\u00f3 Triaca.<\/p>\n<p>&nbsp;<\/p>\n<p>Por su parte, Macri tuvo varias reuniones en el marco del encuentro, entre ellas con el secretario de Trabajo de los Estados Unidos, Alexander Acosta; con la ministra de Mano de Obra de Singapur, Josephine Teo; y con la ministra de Desarrollo de Personal y Trabajo de Canad\u00e1, Patty Hajdu.<\/p>\n","protected":false},"excerpt":{"rendered":"<p>El presidente Mauricio Macri remarc\u00f3 en una cumbre de ministros del G20 que los argentinos decidieron atravesar &#8220;los problemas con humildad y con la templanza necesaria para seguir haciendo el esfuerzo correcto&#8221; para salir adelante &nbsp; &nbsp; &nbsp; &nbsp; &#8220;Estamos transitando un per\u00edodo de cambios profundos, en un mundo que tambi\u00e9n est\u00e1 sufriendo cambios profundos, y los argentinos decidimos atravesarlos con humildad, aceptando los problemas y con la templanza necesaria para seguir haciendo el esfuerzo correcto&#8221;, evalu\u00f3 el jefe de Estado. &nbsp; Lo hizo al encabezar el plenario de Educaci\u00f3n&#8230;<\/p>\n","protected":false},"author":3,"featured_media":32820,"comment_status":"closed","ping_status":"closed","sticky":false,"template":"","format":"standard","meta":[],"categories":[18],"tags":[],"_links":{"self":[{"href":"https:\/\/www.actualidadadiario.com\/index.php\/wp-json\/wp\/v2\/posts\/32819"}],"collection":[{"href":"https:\/\/www.actualidadadiario.com\/index.php\/wp-json\/wp\/v2\/posts"}],"about":[{"href":"https:\/\/www.actualidadadiario.com\/index.php\/wp-json\/wp\/v2\/types\/post"}],"author":[{"embeddable":true,"href":"https:\/\/www.actualidadadiario.com\/index.php\/wp-json\/wp\/v2\/users\/3"}],"replies":[{"embeddable":true,"href":"https:\/\/www.actualidadadiario.com\/index.php\/wp-json\/wp\/v2\/comments?post=32819"}],"version-history":[{"count":1,"href":"https:\/\/www.actualidadadiario.com\/index.php\/wp-json\/wp\/v2\/posts\/32819\/revisions"}],"predecessor-version":[{"id":32821,"href":"https:\/\/www.actualidadadiario.com\/index.php\/wp-json\/wp\/v2\/posts\/32819\/revisions\/32821"}],"wp:featuredmedia":[{"embeddable":true,"href":"https:\/\/www.actualidadadiario.com\/index.php\/wp-json\/wp\/v2\/media\/32820"}],"wp:attachment":[{"href":"https:\/\/www.actualidadadiario.com\/index.php\/wp-json\/wp\/v2\/media?parent=32819"}],"wp:term":[{"taxonomy":"category","embeddable":true,"href":"https:\/\/www.actualidadadiario.com\/index.php\/wp-json\/wp\/v2\/categories?post=32819"},{"taxonomy":"post_tag","embeddable":true,"href":"https:\/\/www.actualidadadiario.com\/index.php\/wp-json\/wp\/v2\/tags?post=32819"}],"curies":[{"name":"wp","href":"https:\/\/api.w.org\/{rel}","templated":true}]}}