{"id":32816,"date":"2018-09-07T10:45:33","date_gmt":"2018-09-07T13:45:33","guid":{"rendered":"https:\/\/www.actualidadadiario.com\/?p=32816"},"modified":"2018-11-06T19:38:13","modified_gmt":"2018-11-06T22:38:13","slug":"los-estudiantes-mantienen-ocupadas-facultades-y-sedes-academicas-en-todo-el-pais","status":"publish","type":"post","link":"https:\/\/www.actualidadadiario.com\/index.php\/2018\/09\/07\/los-estudiantes-mantienen-ocupadas-facultades-y-sedes-academicas-en-todo-el-pais\/","title":{"rendered":"Los estudiantes mantienen ocupadas facultades y sedes acad\u00e9micas en todo el pa\u00eds"},"content":{"rendered":"<p><em><strong>Con el objetivo de visibilizar los reclamos salariales y presupuestarios del sistema universitario, el movimiento estudiantil extiende las clases p\u00fablicas, asambleas y marchas<\/strong><\/em><\/p>\n<p>&nbsp;<\/p>\n<p>&nbsp;<\/p>\n<p>&nbsp;<\/p>\n<p>&nbsp;<\/p>\n<p>Mientras los docentes universitarios le dar\u00e1n hoy al Gobierno su respuesta ante la \u00faltima oferta salarial, los estudiantes mantienen tomadas facultades y sedes acad\u00e9micas en distintos puntos del pa\u00eds para rechazar las pol\u00edticas de ajuste y recorte presupuestario que viene aplicando el gobierno nacional, y para exigir salarios dignos para los profesores y trabajadores del sistema. En la UBA est\u00e1n ocupadas por sus alumnos Filosof\u00eda y Letras, Ciencias Sociales, Psicolog\u00eda y Ciencias Exactas, donde se realizan clases p\u00fablicas, cortes de calles y asambleas. Tambi\u00e9n hay tomas en sedes de las casas de estudios de C\u00f3rdoba, La Plata, Mar del Plata, el Litoral (Santa Fe), Rosario, R\u00edo Cuarto y Luj\u00e1n, entre otras.<\/p>\n<p>&nbsp;<\/p>\n<p>Algunas de las tomas se iniciaron antes de la masiva movilizaci\u00f3n de la semana pasada, que reuni\u00f3 a miembros de toda la comunidad universitaria y cient\u00edfica nacional en la Plaza de Mayo. Otras surgieron como continuidad de esa medida, con el objetivo \u201cvisibilizar\u201d el conflicto universitario, que no solo comprende las paritarias docentes, sino que adem\u00e1s abarca la situaci\u00f3n presupuestaria: por un lado, el ajuste que sufri\u00f3 el presupuesto actual por efecto de la crisis, as\u00ed como las demoras de la Naci\u00f3n en enviar los recursos; por otro lado, el proyecto de presupuesto para 2019, que se prev\u00e9 ser\u00e1 menor a la inflaci\u00f3n proyectada.<\/p>\n<p>&nbsp;<\/p>\n<p>\u201cEl reclamo general es respecto de toda la situaci\u00f3n educativa. Nos encontramos ante una situaci\u00f3n bastante compleja a nivel nacional porque hay universidades que no tienen presupuesto ni siquiera para llegar a fin de a\u00f1o, como por ejemplo la universidad de Quilmes\u201d, dijo Mariana Gottardo, presidenta del centro de estudiantes de la Facultad de Psicolog\u00eda (UBA). La estudiante indic\u00f3 que las autoridades de la facultad han intentado \u201cboicotear\u201d la toma a trav\u00e9s de presiones a los docentes. \u201cEl decano (Jorge Biglieri) empez\u00f3 a amedrentar a los docentes que adher\u00edan a las clases p\u00fablicas, para deslegitimar la toma que estamos realizando docentes y estudiantes de distintos gremios\u201d, explic\u00f3 Gottardo.<\/p>\n<p>&nbsp;<\/p>\n<p>En Ciencias Exactas se a\u00f1aden otros reclamos. \u201cNosotros empezamos esta toma el lunes, porque hay un mont\u00f3n de problemas que son los que sufren todas las facultades, la falta de presupuesto, el salario docente. A nosotros particularmente se nos suman otros problemas, como por ejemplo que hace casi 5 meses no tenemos gas en la facultad y, por otro lado, con toda la devaluaci\u00f3n se hace m\u00e1s caro comprar los insumos para investigar o para los laboratorios\u201d, explic\u00f3 Lucas Tavolaro, presidente del centro de estudiantes. \u201cLa semana que viene se presenta el presupuesto y hay un rumor fuerte de que el presupuesto para las universidades va a ser menor que la inflaci\u00f3n y eso va a representar un problema grave. Si queremos un pa\u00eds desarrollado, si queremos vivir mejor, no podemos no invertir en educaci\u00f3n y en ciencia\u201d, agreg\u00f3 Tavolaro.<\/p>\n<p>&nbsp;<\/p>\n<p>Desde otra facultad de la UBA que atraviesa una toma, la de Sociales, Ayelen Petracca, presidenta del centro estudiantil, resalt\u00f3 la importancia de que la medida sea \u201cmasiva\u201d. \u201cLo que nosotros estamos proponiendo es que se tomen distintas medidas para que sea masiva, porque si nosotros vaciamos la facultad y no hacemos tomas activas, en realidad no estamos golpeando al Gobierno, sino perjudicando a los estudiantes. Tenemos que encontrar iniciativas que apunten al Gobierno, ah\u00ed es a donde queremos llegar para que escuchen nuestros reclamos\u201d.<\/p>\n<p>&nbsp;<\/p>\n<p>En ese contexto, hoy est\u00e1 convocada una nueva reuni\u00f3n de la paritaria de los profesores universitarios, tras la oferta de un aumento salarial cercano al 25 por ciento para octubre, que present\u00f3 Educaci\u00f3n el lunes pasado. La Fedun ya anticip\u00f3 su visto bueno, mientras Conadu y Conadu Hist\u00f3rica responder\u00e1n hoy, tras consultar a sus bases. En la segunda federaci\u00f3n, varios gremios de base ya adelantaron su rechazo y su propuesta de extender el paro que hoy cumple cinco semanas.<\/p>\n","protected":false},"excerpt":{"rendered":"<p>Con el objetivo de visibilizar los reclamos salariales y presupuestarios del sistema universitario, el movimiento estudiantil extiende las clases p\u00fablicas, asambleas y marchas &nbsp; &nbsp; &nbsp; &nbsp; Mientras los docentes universitarios le dar\u00e1n hoy al Gobierno su respuesta ante la \u00faltima oferta salarial, los estudiantes mantienen tomadas facultades y sedes acad\u00e9micas en distintos puntos del pa\u00eds para rechazar las pol\u00edticas de ajuste y recorte presupuestario que viene aplicando el gobierno nacional, y para exigir salarios dignos para los profesores y trabajadores del sistema. En la UBA est\u00e1n ocupadas por sus&#8230;<\/p>\n","protected":false},"author":3,"featured_media":32817,"comment_status":"closed","ping_status":"closed","sticky":false,"template":"","format":"standard","meta":[],"categories":[18],"tags":[],"_links":{"self":[{"href":"https:\/\/www.actualidadadiario.com\/index.php\/wp-json\/wp\/v2\/posts\/32816"}],"collection":[{"href":"https:\/\/www.actualidadadiario.com\/index.php\/wp-json\/wp\/v2\/posts"}],"about":[{"href":"https:\/\/www.actualidadadiario.com\/index.php\/wp-json\/wp\/v2\/types\/post"}],"author":[{"embeddable":true,"href":"https:\/\/www.actualidadadiario.com\/index.php\/wp-json\/wp\/v2\/users\/3"}],"replies":[{"embeddable":true,"href":"https:\/\/www.actualidadadiario.com\/index.php\/wp-json\/wp\/v2\/comments?post=32816"}],"version-history":[{"count":1,"href":"https:\/\/www.actualidadadiario.com\/index.php\/wp-json\/wp\/v2\/posts\/32816\/revisions"}],"predecessor-version":[{"id":32818,"href":"https:\/\/www.actualidadadiario.com\/index.php\/wp-json\/wp\/v2\/posts\/32816\/revisions\/32818"}],"wp:featuredmedia":[{"embeddable":true,"href":"https:\/\/www.actualidadadiario.com\/index.php\/wp-json\/wp\/v2\/media\/32817"}],"wp:attachment":[{"href":"https:\/\/www.actualidadadiario.com\/index.php\/wp-json\/wp\/v2\/media?parent=32816"}],"wp:term":[{"taxonomy":"category","embeddable":true,"href":"https:\/\/www.actualidadadiario.com\/index.php\/wp-json\/wp\/v2\/categories?post=32816"},{"taxonomy":"post_tag","embeddable":true,"href":"https:\/\/www.actualidadadiario.com\/index.php\/wp-json\/wp\/v2\/tags?post=32816"}],"curies":[{"name":"wp","href":"https:\/\/api.w.org\/{rel}","templated":true}]}}