{"id":32811,"date":"2018-09-07T10:39:40","date_gmt":"2018-09-07T13:39:40","guid":{"rendered":"https:\/\/www.actualidadadiario.com\/?p=32811"},"modified":"2018-11-06T19:38:13","modified_gmt":"2018-11-06T22:38:13","slug":"ganancias-y-ventas-proyectadas-por-las-empresas-son-las-mas-bajas-de-los-ultimos-tres-anos","status":"publish","type":"post","link":"https:\/\/www.actualidadadiario.com\/index.php\/2018\/09\/07\/ganancias-y-ventas-proyectadas-por-las-empresas-son-las-mas-bajas-de-los-ultimos-tres-anos\/","title":{"rendered":"Ganancias y ventas proyectadas por las empresas son las m\u00e1s bajas de los \u00faltimos tres a\u00f1os"},"content":{"rendered":"<p><em><strong>La disparada del d\u00f3lar, y sus efectos sobre una econom\u00eda golpeada de antemano por la recesi\u00f3n, comenz\u00f3 a hacer mella en las expectativas de los empresarios, que anticiparon para 2019 el menor crecimiento en sus ventas de los \u00faltimos tres a\u00f1os y prev\u00e9n cerrar este a\u00f1o con la rentabilidad m\u00e1s baja desde la que esperaban en 2015<\/strong><\/em><\/p>\n<p>&nbsp;<\/p>\n<p>&nbsp;<\/p>\n<p>&nbsp;<\/p>\n<p>Los datos surgen de una encuesta que realiz\u00f3 la consultora EY Argentina entre m\u00e1s de 100 compa\u00f1\u00edas de los principales sectores econ\u00f3micos y sirve para poner en blanco sobre negro la sensaci\u00f3n de distintos agentes econ\u00f3micos en medio de la turbulencia cambiaria m\u00e1s fuerte desde que se liber\u00f3 el cepo.<\/p>\n<p>&nbsp;<\/p>\n<p>&#8220;Hasta el mes de agosto pudieron sostener alg\u00fan ritmo de venta sacrificando rentabilidad, pero sigue siendo incierto para lo que resta de este a\u00f1o&#8221;, destac\u00f3 Pablo De Gregorio, socio de EY, al presentar la encuesta durante la primera jornada de la 39\u00b0 Convenci\u00f3n Anual del Instituto Argentino de Finanzas (IAEF), en la ciudad de Mendoza. En general, agreg\u00f3, surge de la encuesta que el 2018 no ser\u00e1 un buen a\u00f1o para el valor de las empresas. &#8220;Este diagn\u00f3stico, que est\u00e1 muy influido por lo sucedido en estos \u00faltimos 15 d\u00edas, no es una novedad, aunque el relevamiento nos da datos concretos del impacto de los recientes cambios en nuestra econom\u00eda&#8221;, sentenci\u00f3.<\/p>\n<p>&nbsp;<\/p>\n<p>En concreto, los n\u00fameros muestran que el 55% de los encuestados cree que aumentar\u00e1n sus ventas en 2019, lejos del 89% que ten\u00eda ese optimismo el a\u00f1o pasado y del 80% que pensaba eso en 2017. Del lado de la rentabilidad esperada, apenas el 44% considera que va a crecer respecto el a\u00f1o previo, cuando en 2017 el 73% cre\u00eda que ganar\u00eda m\u00e1s y en 2016, el 65% de los encuestados esperaba mayores ganancias.<\/p>\n<p>&nbsp;<\/p>\n<p>En un auditorio colmado, en el primer piso del hotel Sheraton de esta ciudad, los propios ejecutivos de finanzas que durante las \u00faltimas tres semanas respondieron esa encuesta asent\u00edan con la cabeza, sabiendo que se avecinan tiempos de vacas flacas, con un consumo deprimido. &#8220;Empezamos a ver no s\u00f3lo menor consumo sino un leve crecimiento en la mora, principalmente en los pr\u00e9stamos a las familias&#8221;, comentaba en un break, el directivo de uno de los principales bancos del sistema.<\/p>\n<p>&nbsp;<\/p>\n<p>La encuesta tambi\u00e9n reflejaba c\u00f3mo percib\u00eda cada ejecutivo el valor de su empresa en d\u00f3lares y para el 34% cay\u00f3, mientras que para el 37% se mantuvo y s\u00f3lo el 27% considera que creci\u00f3. &#8220;Eso es lo que m\u00e1s nos preocup\u00f3, que en la visi\u00f3n de ustedes, el valor de su compa\u00f1\u00eda en 2018 disminuy\u00f3&#8221;, destac\u00f3 De Gregorio. &#8220;Es un tema relevante y siempre lo vamos monitoreando porque es el term\u00f3metro m\u00e1s importante que muestra las oportunidades, los desaf\u00edos que uno pueden afrontar desde la compa\u00f1\u00eda y el valor que genera para todos los que est\u00e1n alrededor, desde empleados a clientes o la sociedad&#8221;, agreg\u00f3.<\/p>\n<p>&nbsp;<\/p>\n<p>Otro dato fuerte que mostr\u00f3 la encuesta es la poca previsi\u00f3n de las empresas a tomar deuda, lo que, como explic\u00f3 De Gregorio, refleja que va a haber menos proyecci\u00f3n de negocios y la cadena de pago van a resentirse. &#8220;Es el corolario de todo lo anterior&#8221;, coment\u00f3.<\/p>\n<p>&nbsp;<\/p>\n<p>Consultados sobre c\u00f3mo recrear la confianza el 29% le asign\u00f3 un rol protag\u00f3nico al Poder Judicial, secundados por el rol del Poder ejecutivo y de los sindicatos. Mirando hacia adelante, ante la consulta de qu\u00e9 medidas favorecer\u00edan la confianza al momento de decidir una inversi\u00f3n, el 30% de los ejecutivos destac\u00f3 un acuerdo entre sindicatos y el Gobierno, el 27% mencion\u00f3 los acuerdos sectoriales, y el 23% pidi\u00f3 leyes de protecci\u00f3n a las inversiones y acuerdos internacionales. Claro, ninguno hizo un mea culpa. &#8220;Siempre pensamos que el Estado es el que tiene que hacer y no nos damos implica que uno tenga que participar&#8221;, explic\u00f3 y pidi\u00f3 tomar el protagonismo para impulsar esos acuerdos que favorecer\u00e1n la inversi\u00f3n, y en donde el sector empresario juega un rol clave.<\/p>\n","protected":false},"excerpt":{"rendered":"<p>La disparada del d\u00f3lar, y sus efectos sobre una econom\u00eda golpeada de antemano por la recesi\u00f3n, comenz\u00f3 a hacer mella en las expectativas de los empresarios, que anticiparon para 2019 el menor crecimiento en sus ventas de los \u00faltimos tres a\u00f1os y prev\u00e9n cerrar este a\u00f1o con la rentabilidad m\u00e1s baja desde la que esperaban en 2015 &nbsp; &nbsp; &nbsp; Los datos surgen de una encuesta que realiz\u00f3 la consultora EY Argentina entre m\u00e1s de 100 compa\u00f1\u00edas de los principales sectores econ\u00f3micos y sirve para poner en blanco sobre negro&#8230;<\/p>\n","protected":false},"author":3,"featured_media":32812,"comment_status":"closed","ping_status":"closed","sticky":false,"template":"","format":"standard","meta":[],"categories":[2],"tags":[],"_links":{"self":[{"href":"https:\/\/www.actualidadadiario.com\/index.php\/wp-json\/wp\/v2\/posts\/32811"}],"collection":[{"href":"https:\/\/www.actualidadadiario.com\/index.php\/wp-json\/wp\/v2\/posts"}],"about":[{"href":"https:\/\/www.actualidadadiario.com\/index.php\/wp-json\/wp\/v2\/types\/post"}],"author":[{"embeddable":true,"href":"https:\/\/www.actualidadadiario.com\/index.php\/wp-json\/wp\/v2\/users\/3"}],"replies":[{"embeddable":true,"href":"https:\/\/www.actualidadadiario.com\/index.php\/wp-json\/wp\/v2\/comments?post=32811"}],"version-history":[{"count":1,"href":"https:\/\/www.actualidadadiario.com\/index.php\/wp-json\/wp\/v2\/posts\/32811\/revisions"}],"predecessor-version":[{"id":32813,"href":"https:\/\/www.actualidadadiario.com\/index.php\/wp-json\/wp\/v2\/posts\/32811\/revisions\/32813"}],"wp:featuredmedia":[{"embeddable":true,"href":"https:\/\/www.actualidadadiario.com\/index.php\/wp-json\/wp\/v2\/media\/32812"}],"wp:attachment":[{"href":"https:\/\/www.actualidadadiario.com\/index.php\/wp-json\/wp\/v2\/media?parent=32811"}],"wp:term":[{"taxonomy":"category","embeddable":true,"href":"https:\/\/www.actualidadadiario.com\/index.php\/wp-json\/wp\/v2\/categories?post=32811"},{"taxonomy":"post_tag","embeddable":true,"href":"https:\/\/www.actualidadadiario.com\/index.php\/wp-json\/wp\/v2\/tags?post=32811"}],"curies":[{"name":"wp","href":"https:\/\/api.w.org\/{rel}","templated":true}]}}