{"id":3281,"date":"2016-10-25T10:11:20","date_gmt":"2016-10-25T13:11:20","guid":{"rendered":"http:\/\/actualidadadiario.com\/site\/?p=3281"},"modified":"2016-10-25T10:11:20","modified_gmt":"2016-10-25T13:11:20","slug":"paran-hoy-los-docentes-de-agmer-y-amet","status":"publish","type":"post","link":"https:\/\/www.actualidadadiario.com\/index.php\/2016\/10\/25\/paran-hoy-los-docentes-de-agmer-y-amet\/","title":{"rendered":"Paran hoy los docentes de Agmer y AMET"},"content":{"rendered":"<p><em><strong>El congreso provincial de Agmer, que sesion\u00f3 en Concordia el jueves pasado, decidi\u00f3 instrumentar un paro de actividades este martes 25 de octubre debido a la falta de respuestas del Gobierno, informaron fuentes sindicales. La comisi\u00f3n directiva de AMET tambi\u00e9n convoc\u00f3 a paro, tal como lo mandataron sus afiliados<\/strong><\/em><\/p>\n<p>&nbsp;<\/p>\n<p>&nbsp;<\/p>\n<p>&nbsp;<\/p>\n<p>&nbsp;<\/p>\n<p>El 176\u00ba congreso extraordinario de la Asociaci\u00f3n Gremial del Magisterio de Entre R\u00edos (Agmer) defini\u00f3 el jueves por la noche instrumentar un paro de actividades este martes 25 de octubre, d\u00eda en el que se desarrollar\u00e1 el Operativo \u201cAprender\u201d en aquellos establecimientos en los que no se pudo hacer esta semana. La decisi\u00f3n se tom\u00f3 cerca de las 23 de este jueves.\u00a0 El plan de acci\u00f3n incluye adem\u00e1s exigir al gobierno una mesa de negociaci\u00f3n salarial.<\/p>\n<p>&nbsp;<\/p>\n<p>&nbsp;<\/p>\n<p>&nbsp;<\/p>\n<p><strong>\u201cEscenario de conflicto\u201d<\/strong><\/p>\n<p>\u201cLa negativa de las autoridades a retomar la negociaci\u00f3n paritaria, en un contexto nacional y provincial marcado por el ajuste, el alza de precios y tarifas, y el deterioro del poder adquisitivo de los trabajadores, mantiene abierto un conflicto del cual el \u00fanico responsable es el Gobierno\u201d, se lee en un documento difundido por el gremio, que lleva la firma del secretario general, Fabi\u00e1n Pecc\u00edn; el secretario adjunto Alejandro Bernasconi; y el secretario gremial, Manuel G\u00f3mez.<\/p>\n<p>&nbsp;<\/p>\n<p>\u201cA la falta de convocatoria para abordar la situaci\u00f3n salarial, se han sumado en los \u00faltimos meses decisiones inconsultas del Consejo General de Educaci\u00f3n, que no son otra cosa que el traslado de las pol\u00edticas de ajuste al interior del sistema educativo, y que nuestro sindicato ha rechazado p\u00fablicamente\u201d, se cuestiona adem\u00e1s.<\/p>\n<p>&nbsp;<\/p>\n<p>\u201cEl pago a destiempo de los haberes, las medidas persecutorias en contra de los docentes que realizan huelgas, y los descuentos abusivos y desproporcionados aplicados sobre los salarios de los trabajadores, terminan de configurar un escenario de conflicto del que s\u00f3lo se podr\u00e1 salir con voluntad y decisi\u00f3n pol\u00edtica del Gobierno provincial.<\/p>\n<p>&nbsp;<\/p>\n<p>&nbsp;<\/p>\n<p>&nbsp;<\/p>\n<p>&nbsp;<\/p>\n<p>&nbsp;<\/p>\n<p><strong>AMET<\/strong><\/p>\n<p>Por su parte, los docentes t\u00e9cnicos entrerrianos resolvieron, en asambleas efectuadas la semana pasada, realizar medidas de fuerza en conjunci\u00f3n con otros sindicatos. Por eso se convoc\u00f3 a paro de actividades para este martes en coincidencia con Agmer,\u00a0 inform\u00f3 el secretario general de AMET, Andr\u00e9s Besel.<\/p>\n<p>&nbsp;<\/p>\n<p>La decisi\u00f3n se tom\u00f3 \u201cen el marco de un conflicto que a\u00fan no tiene soluci\u00f3n\u201d, confirm\u00f3 Besel y explic\u00f3 que la situaci\u00f3n es \u201cpreocupante, no s\u00f3lo porque no hay una propuesta salarial o una mesa para seguir dialogando, sino que se suma el tema de los descuentos que provoca en la familia una ca\u00edda del poder adquisitivo m\u00e1s all\u00e1 de la inflaci\u00f3n, de la suba de la canasta familiar y de los servicios. El gobierno aplica descuentos y eso va en contra de cualquier trabajador\u201d, sostuvo.<\/p>\n<p>&nbsp;<\/p>\n<p>El dirigente tambi\u00e9n mostr\u00f3 \u201cpreocupaci\u00f3n\u201d por el cierre del ciclo lectivo, un tema que \u201cse discute en las asambleas y ya hay algunas mociones\u201d, que se plantear\u00e1n en el Congreso que se realice sobre fin de a\u00f1o. No tomar ex\u00e1menes podr\u00eda ser una de las opciones.<\/p>\n<p>&nbsp;<\/p>\n<p>&nbsp;<\/p>\n<p>&nbsp;<\/p>\n<p>&nbsp;<\/p>\n<p>&nbsp;<\/p>\n<p><strong>UDA<\/strong><\/p>\n<p>La Uni\u00f3n de Docentes Argentinos (UDA), por su parte, no har\u00e1 paro este martes, pero \u201ces posible que en los pr\u00f3ximos d\u00edas se definan medidas\u201d, en consonancia con lo que decida el gremio a nivel nacional, asegur\u00f3 la secretaria general Mirta Raya.<\/p>\n<p>&nbsp;<\/p>\n<p>\u201cNo se resolvi\u00f3 ninguna medida por el momento, este martes no habr\u00e1 paro, pero estamos a la espera de lo que defina el gremio a nivel nacional\u201d, dijo, al tiempo que sostuvo que hay malestar porque \u201cel Gobierno nacional se niega a reabrir paritaria, hay una serie de demandas no resueltas y una gran disconformidad con pol\u00edticas en materia educativa\u201d.<\/p>\n","protected":false},"excerpt":{"rendered":"<p>El congreso provincial de Agmer, que sesion\u00f3 en Concordia el jueves pasado, decidi\u00f3 instrumentar un paro de actividades este martes 25 de octubre debido a la falta de respuestas del Gobierno, informaron fuentes sindicales. La comisi\u00f3n directiva de AMET tambi\u00e9n convoc\u00f3 a paro, tal como lo mandataron sus afiliados &nbsp; &nbsp; &nbsp; &nbsp; El 176\u00ba congreso extraordinario de la Asociaci\u00f3n Gremial del Magisterio de Entre R\u00edos (Agmer) defini\u00f3 el jueves por la noche instrumentar un paro de actividades este martes 25 de octubre, d\u00eda en el que se desarrollar\u00e1 el&#8230;<\/p>\n","protected":false},"author":3,"featured_media":3282,"comment_status":"closed","ping_status":"closed","sticky":false,"template":"","format":"standard","meta":[],"categories":[18],"tags":[],"_links":{"self":[{"href":"https:\/\/www.actualidadadiario.com\/index.php\/wp-json\/wp\/v2\/posts\/3281"}],"collection":[{"href":"https:\/\/www.actualidadadiario.com\/index.php\/wp-json\/wp\/v2\/posts"}],"about":[{"href":"https:\/\/www.actualidadadiario.com\/index.php\/wp-json\/wp\/v2\/types\/post"}],"author":[{"embeddable":true,"href":"https:\/\/www.actualidadadiario.com\/index.php\/wp-json\/wp\/v2\/users\/3"}],"replies":[{"embeddable":true,"href":"https:\/\/www.actualidadadiario.com\/index.php\/wp-json\/wp\/v2\/comments?post=3281"}],"version-history":[{"count":1,"href":"https:\/\/www.actualidadadiario.com\/index.php\/wp-json\/wp\/v2\/posts\/3281\/revisions"}],"predecessor-version":[{"id":3283,"href":"https:\/\/www.actualidadadiario.com\/index.php\/wp-json\/wp\/v2\/posts\/3281\/revisions\/3283"}],"wp:featuredmedia":[{"embeddable":true,"href":"https:\/\/www.actualidadadiario.com\/index.php\/wp-json\/wp\/v2\/media\/3282"}],"wp:attachment":[{"href":"https:\/\/www.actualidadadiario.com\/index.php\/wp-json\/wp\/v2\/media?parent=3281"}],"wp:term":[{"taxonomy":"category","embeddable":true,"href":"https:\/\/www.actualidadadiario.com\/index.php\/wp-json\/wp\/v2\/categories?post=3281"},{"taxonomy":"post_tag","embeddable":true,"href":"https:\/\/www.actualidadadiario.com\/index.php\/wp-json\/wp\/v2\/tags?post=3281"}],"curies":[{"name":"wp","href":"https:\/\/api.w.org\/{rel}","templated":true}]}}