{"id":32805,"date":"2018-09-07T10:38:17","date_gmt":"2018-09-07T13:38:17","guid":{"rendered":"https:\/\/www.actualidadadiario.com\/?p=32805"},"modified":"2018-11-06T19:38:13","modified_gmt":"2018-11-06T22:38:13","slug":"advierten-que-la-cadena-de-pagos-esta-destruida-y-que-crecen-los-cheques-rechazados","status":"publish","type":"post","link":"https:\/\/www.actualidadadiario.com\/index.php\/2018\/09\/07\/advierten-que-la-cadena-de-pagos-esta-destruida-y-que-crecen-los-cheques-rechazados\/","title":{"rendered":"Advierten que la cadena de pagos est\u00e1 &#8220;destruida&#8221; y que crecen los cheques rechazados"},"content":{"rendered":"<p><em><strong>Las pymes evitan financiarse en el mercado. En el comercio creen que a\u00fan no hay &#8220;crisis&#8221;<\/strong><\/em><\/p>\n<p>&nbsp;<\/p>\n<p>&nbsp;<\/p>\n<p>&nbsp;<\/p>\n<p>&nbsp;<\/p>\n<p>Los empresarios salieron a advertir que la cadena de pagos ya est\u00e1 &#8220;destruida&#8221; a ra\u00edz de la suba de tasas al 60% que el Banco Central anunci\u00f3 que se mantendr\u00e1n hasta fin de a\u00f1o para contener la corrida, y el colapso de las ventas que provoc\u00f3 la disparada en los precios de las \u00faltimas semanas. Una situaci\u00f3n que puede observarse no s\u00f3lo en los sectores industriales, sino tambi\u00e9n en el comercio, aunque en este \u00faltimo rubro evitaron hablar de &#8220;crisis&#8221;.<\/p>\n<p>&nbsp;<\/p>\n<p>As\u00ed lo plante\u00f3 el presidente de la Uni\u00f3n Industrial Argentina (UIA), Miguel Acevedo, al asegurar en declaraciones radiales que &#8220;no se puede hablar de inversiones o precios de referencia&#8221;. &#8220;Cuando tenemos tasas arriba del 60% o la cadena de pagos totalmente destruida, no hay precios de referencia&#8221;, sentenci\u00f3 el representante de Aceitera General Deheza (AGD) en una entrevista concedida a Radio La Red.<\/p>\n<p>&nbsp;<\/p>\n<p>Por su parte, el secretario de la C\u00e1mara Argentina de Comercio y Servicios (CAC), Mario Grinman, evalu\u00f3 que su sector &#8220;no est\u00e1 tomando cr\u00e9dito&#8221;. &#8220;Salvo que est\u00e9 muy desesperado, el comerciante no puede pagar estas tasas, (porque) es realmente imposible&#8221;, consider\u00f3 el dirigente de la CAC.<\/p>\n<p>&nbsp;<\/p>\n<p>&#8220;Las pymes tratan de evitar todo tipo de financiamiento con cuenta corriente o descuento de cheques porque es una locura, no te devuelven nada. Por eso buscan otros mecanismos como pasarlos a proveedores o entregan a contraparte de compra futura&#8221;, puntualiz\u00f3 Grinman, para quien &#8220;la situaci\u00f3n es compleja, pero la cadena de pagos no est\u00e1 totalmente cortada, todav\u00eda no se lleg\u00f3 a una crisis&#8221;.<\/p>\n<p>&nbsp;<\/p>\n<p>En el sector del calzado, acaso uno de los m\u00e1s golpeados por el modelo econ\u00f3mico cambiemita, el panorama es peor. &#8220;El que nos paga, lo hace muy a largo plazo. Con este d\u00f3lar perdimos la mitad del capital al momento de reponer la materia prima&#8221;, se lament\u00f3 Alberto Sellaro, titular de la c\u00e1mara que nuclea a esa actividad. A eso se suma el factor de los cheques rechazados que, seg\u00fan coment\u00f3, &#8220;de cada cinco, dos vienen de vuelta&#8221;, &#8220;Eso incluso nos pasa con los clientes que tuvimos siempre&#8221;, se lament\u00f3.<\/p>\n<p>&nbsp;<\/p>\n<p>&#8220;Si las ventas hubieran estado traccionando bien, esto no nos habr\u00eda impactado tanto, al igual de lo que nos ocurri\u00f3 con las importaciones&#8221;, a\u00f1adi\u00f3.<\/p>\n<p>&nbsp;<\/p>\n<p>En ese marco, la misma luz de alerta se encendi\u00f3 desde la Confederaci\u00f3n General Econ\u00f3mica (Cgera). El secretario de la entidad, Ra\u00fal Zylbersztein, cuestion\u00f3 las subas en la tasa de inter\u00e9s, y sostuvo que &#8220;tiene que haber un salvataje inmediato para las pymes porque va a haber un corte total de la cadena de pagos&#8221;.<\/p>\n<p>&nbsp;<\/p>\n<p>&#8220;Lo \u00fanico que nos beneficiar\u00eda el a\u00f1o que viene es un menor ingreso de importaciones&#8221;, dijo Sellaro, al se\u00f1alar que se encarecieron 100% en el a\u00f1o por el salto del d\u00f3lar. &#8220;El consumo est\u00e1 en ca\u00edda libre y todav\u00eda no hay freno&#8221;, puntualiz\u00f3.<\/p>\n<p>&nbsp;<\/p>\n<p>&#8220;El comerciante paga el alquiler en los primeros quince d\u00edas del mes y los fines de semana los salarios, con alg\u00fan vale&#8221;, detall\u00f3. De esta manera, dijo que los zapatos &#8220;los pagan como pueden&#8221;.<\/p>\n<p>&nbsp;<\/p>\n<p>En tanto, Grinman plante\u00f3 que &#8220;en los pr\u00f3ximos quince d\u00edas, cuando se conozca la letra chica del nuevo acuerdo con el Fondo, la situaci\u00f3n se puede empezar a estabilizar&#8221;, y avizor\u00f3 que el sector comercial comenzar\u00e1 a crecer &#8220;para finales del primer cuatrimestre&#8221; del 2019, si es que se logra reducir la volatilidad del d\u00f3lar&#8221;. &#8220;Mientras tanto, se puede apelar a las l\u00edneas de cr\u00e9dito para capital de trabajo impulsadas por el ministerio de Producci\u00f3n, que tienen una tasa del 29%&#8221;, enfatiz\u00f3.<\/p>\n<p>&nbsp;<\/p>\n<p>De todas formas, el secretario de la CAC admiti\u00f3 que la recuperaci\u00f3n de lo perdido en los \u00faltimos meses va a llevar tiempo, ya que en su visi\u00f3n se trata de procesos &#8220;dolorosos e inexorables&#8221;.<\/p>\n","protected":false},"excerpt":{"rendered":"<p>Las pymes evitan financiarse en el mercado. En el comercio creen que a\u00fan no hay &#8220;crisis&#8221; &nbsp; &nbsp; &nbsp; &nbsp; Los empresarios salieron a advertir que la cadena de pagos ya est\u00e1 &#8220;destruida&#8221; a ra\u00edz de la suba de tasas al 60% que el Banco Central anunci\u00f3 que se mantendr\u00e1n hasta fin de a\u00f1o para contener la corrida, y el colapso de las ventas que provoc\u00f3 la disparada en los precios de las \u00faltimas semanas. Una situaci\u00f3n que puede observarse no s\u00f3lo en los sectores industriales, sino tambi\u00e9n en el&#8230;<\/p>\n","protected":false},"author":3,"featured_media":32806,"comment_status":"closed","ping_status":"closed","sticky":false,"template":"","format":"standard","meta":[],"categories":[2],"tags":[],"_links":{"self":[{"href":"https:\/\/www.actualidadadiario.com\/index.php\/wp-json\/wp\/v2\/posts\/32805"}],"collection":[{"href":"https:\/\/www.actualidadadiario.com\/index.php\/wp-json\/wp\/v2\/posts"}],"about":[{"href":"https:\/\/www.actualidadadiario.com\/index.php\/wp-json\/wp\/v2\/types\/post"}],"author":[{"embeddable":true,"href":"https:\/\/www.actualidadadiario.com\/index.php\/wp-json\/wp\/v2\/users\/3"}],"replies":[{"embeddable":true,"href":"https:\/\/www.actualidadadiario.com\/index.php\/wp-json\/wp\/v2\/comments?post=32805"}],"version-history":[{"count":1,"href":"https:\/\/www.actualidadadiario.com\/index.php\/wp-json\/wp\/v2\/posts\/32805\/revisions"}],"predecessor-version":[{"id":32807,"href":"https:\/\/www.actualidadadiario.com\/index.php\/wp-json\/wp\/v2\/posts\/32805\/revisions\/32807"}],"wp:featuredmedia":[{"embeddable":true,"href":"https:\/\/www.actualidadadiario.com\/index.php\/wp-json\/wp\/v2\/media\/32806"}],"wp:attachment":[{"href":"https:\/\/www.actualidadadiario.com\/index.php\/wp-json\/wp\/v2\/media?parent=32805"}],"wp:term":[{"taxonomy":"category","embeddable":true,"href":"https:\/\/www.actualidadadiario.com\/index.php\/wp-json\/wp\/v2\/categories?post=32805"},{"taxonomy":"post_tag","embeddable":true,"href":"https:\/\/www.actualidadadiario.com\/index.php\/wp-json\/wp\/v2\/tags?post=32805"}],"curies":[{"name":"wp","href":"https:\/\/api.w.org\/{rel}","templated":true}]}}