{"id":32796,"date":"2018-09-07T10:36:13","date_gmt":"2018-09-07T13:36:13","guid":{"rendered":"https:\/\/www.actualidadadiario.com\/?p=32796"},"modified":"2018-11-06T19:38:13","modified_gmt":"2018-11-06T22:38:13","slug":"los-programas-vih-sida-en-alerta","status":"publish","type":"post","link":"https:\/\/www.actualidadadiario.com\/index.php\/2018\/09\/07\/los-programas-vih-sida-en-alerta\/","title":{"rendered":"Los programas VIH\/sida en alerta"},"content":{"rendered":"<p><em><strong>El Frente Nacional por la Salud de las personas con VIH denunci\u00f3 que el recorte de presupuesto \u201cpone en peligro la continuidad de tratamientos\u201d y que el 30 por ciento de los pacientes no podr\u00e1 acceder a los medicamentos<\/strong><\/em><\/p>\n<p>&nbsp;<\/p>\n<p>&nbsp;<\/p>\n<p>&nbsp;<\/p>\n<p>&nbsp;<\/p>\n<p>&nbsp;<\/p>\n<p>Tras el multitudinario abrazo que se realiz\u00f3 el mi\u00e9rcoles ante la degradaci\u00f3n del Ministerio de Salud a Secretar\u00eda y luego de que se confirmara la renuncia del titular de la Direcci\u00f3n de SIDA, Enfermedades de Educaci\u00f3n Sexual, Hepatitis y Tuberculosis, Sergio Maulen, el Frente Nacional por la Salud de las personas con VIH se dirigi\u00f3 a la dependencia p\u00fablica para repudiar el brutal ajuste. La red de organizaciones alert\u00f3 que con los recortes presupuestarios del a\u00f1o entrante, que se estiman ser\u00e1n del 50 por ciento respecto del a\u00f1o pasado, alrededor del 30 por ciento de los pacientes de todo el pa\u00eds tendr\u00e1n que suspender su tratamiento. \u201cSin los medicamentos nos vamos a morir\u201d, advirtieron. Los jefes de programas provinciales de VIH\/Sida de todas las provincias firmaron poco despu\u00e9s un documento en el que afirmaron que \u201cel Derecho a la Salud se encuentra amenazado\u201d, ratificaron los dichos de los pacientes y reclamaron \u201cel cumplimiento de las obligaciones asumidas en los Tratados Internacionales de Derechos Humanos\u201d.<\/p>\n<p>&nbsp;<\/p>\n<p>La red de pacientes aprovech\u00f3 que ayer se realizaba una reuni\u00f3n de los jefes de programas de VIH de todas las provincias para manifestar su preocupaci\u00f3n ante la profundizaci\u00f3n en los recortes de salud, teniendo en cuenta que desde que comenz\u00f3 la gesti\u00f3n de Mauricio Macri, en dos oportunidades \u20132016 y principios de 2018\u2013 las organizaciones registraron faltantes de medicamentos. La alerta es mayor en medio de la corrida cambiaria y tras el achique de la dependencia p\u00fablica, porque los remedios para la enfermedad se deben importar y est\u00e1n atados al valor del d\u00f3lar. \u201cCon el aumento del d\u00f3lar el presupuesto del a\u00f1o que viene para la Direcci\u00f3n Nacional de SIDA va a ser la mitad; pasamos de 120 millones de d\u00f3lares a 60 millones. El 70 por ciento de los medicamentos para VIH se compran en d\u00f3lares. \u00bfCon qu\u00e9 presupuesto va a garantizar nuestra salud Carolina Stanley?\u201d, subray\u00f3 la Fundaci\u00f3n Grupo Efecto Positivo.<\/p>\n<p>&nbsp;<\/p>\n<p>\u201cEstamos en el ex Ministerio de Salud exigiendo una respuesta ante el recorte de presupuesto que pone en peligro la continuidad de tratamientos de VIH, hepatitis y m\u00e1s. Sin los medicamentos nos vamos a morir. Vamos a tener que ser dram\u00e1ticos con nuestras exclamaciones pero nosotros, pacientes desde hace muchos a\u00f1os, est\u00e1bamos so\u00f1ando con la cura y terminar con la epidemia en nuestras ciudades\u201d, exclamaron a los jefes provinciales. Seg\u00fan pudo saber este diario, el presupuesto del pr\u00f3ximo a\u00f1o contempla un recorte de alrededor 800 millones de lo que reclamaba Maulen, quien present\u00f3 su renuncia por entender que no era suficiente. La Fundaci\u00f3n Hu\u00e9sped afirma que el 70 por ciento de las personas que viven con VIH se atienden en el sistema de salud p\u00fablico.<\/p>\n<p>&nbsp;<\/p>\n<p>En el encuentro con la red, los jefes provinciales asumieron que ellos tambi\u00e9n est\u00e1n preocupados por la situaci\u00f3n y que ya hay faltantes de tres antirretrovirales para tratar la infecci\u00f3n, adem\u00e1s de que varios medicamentos est\u00e1n llegando con stocks fraccionados y cantidades insuficientes. Poco despu\u00e9s, emitieron un comunicado repudiando tanto la eliminaci\u00f3n del Ministerio de Salud como la subejecuci\u00f3n presupuestaria al \u00e1rea espec\u00edfica.<\/p>\n<p>&nbsp;<\/p>\n<p>\u201cPodemos afirmar que el Derecho a la Salud consagrado en nuestra Constituci\u00f3n Nacional y en la Ley Nacional de Sida N\u00b0 2398 se encuentra amenazado\u201d, explicaron en el texto al que accedi\u00f3 P\u00e1ginaI12, en el que abogaron por el sostenimiento de todas las l\u00edneas estrat\u00e9gicas de trabajo de la Direcci\u00f3n y asumieron que durante esta gesti\u00f3n se redujeron las partidas y se eliminaron programas territoriales. Los encargados de los programas alertan que eso sumado a \u201cla subejecuci\u00f3n presupuestaria y la baja que se pretende imponer en el Presupuesto 2019, a requerimiento de los ajustes que requiere el FMI, el panorama de la Salud P\u00fablica en nuestro pa\u00eds es por dem\u00e1s preocupante\u201d.<\/p>\n<p>&nbsp;<\/p>\n<p>\u201cComo integrantes de los programas provinciales de VIH-SIDA y ETS de todo el pa\u00eds, nos sentimos plenamente identificados de las\/os trabajadores de la Direcci\u00f3n Nacional de Sida, quienes alertan que se encuentran en riesgo las prestaciones y tratamientos para personas que viven con VIH en nuestro pa\u00eds, igual situaci\u00f3n para los que padecen Tuberculosis, Hepatitis virales y Lepra\u201d, puntualizaron.<\/p>\n<p>&nbsp;<\/p>\n<p>Los representantes de las organizaciones plantearon un panorama dram\u00e1tico. \u201cEs la tercera vez que hay faltantes, desde el 2001 que no hab\u00eda, en 2016 tuvimos faltante, a principios de este a\u00f1o tambi\u00e9n nos movilizamos y ahora tenemos que hacerlo de nuevo\u201d, resalt\u00f3 a P\u00e1ginaI12 el referente Jos\u00e9 Mar\u00eda Di Bello, miembro de la Fundaci\u00f3n Grupo Efecto Positivo y Argentina Redes Positiva. Advirti\u00f3 adem\u00e1s que es la tercera vez en la gesti\u00f3n que renuncia un director y que todos lo hicieron a principios de septiembre \u201cen coincidencia con la presentaci\u00f3n del Presupuesto\u201d.<\/p>\n<p>&nbsp;<\/p>\n<p>\u201cLa situaci\u00f3n es grave y conoci\u00e9ndolo a Sergio, si \u00e9l se fue la papa est\u00e1 muy caliente\u201d, manifest\u00f3 otro miembro de la red durante el encuentro con los funcionarios para dar cuenta de la situaci\u00f3n de emergencia que atraviesan. \u201cNo se sientan violentados pero hemos sido en parte ejecutores de nuestros lugares y hemos mejorado los sistemas de salud, a veces trabajamos con los m\u00ednimos recursos pero somos los que estamos ah\u00ed para sostener a las personas que est\u00e1n en angustia. Pero nosotros no podemos estar en este nivel de alerta porque la situaci\u00f3n es grave\u201d, resalt\u00f3 a los jefes provinciales.<\/p>\n<p>&nbsp;<\/p>\n<p>El 19 de enero de 2018 la Fundaci\u00f3n Hu\u00e9sped aclar\u00f3 que se estaban registrando faltantes de medicamentos antirretrovirales y que se estaba dificultando el acceso al tratamiento de las personas con VIH. Seg\u00fan hab\u00edan aclarado desde el Ministerio de Salud y la Jefatura de Gabinete, obedec\u00eda a la demora en la habilitaci\u00f3n del presupuesto 2018. En ese momento, la fundaci\u00f3n exhort\u00f3 a las autoridades a \u201ctomar las medidas pertinentes para evitar futuros faltantes similares y para que arbitren los medios para que avance en tiempo y forma la compra anual de antirretrovirales de manera de evitar posibles quiebres de stock del conjunto de las drogas\u201d.<\/p>\n<p>&nbsp;<\/p>\n<p>La situaci\u00f3n impactar\u00e1 directamente en los pacientes porque el mismo Ministerio de Salud se\u00f1ala en su p\u00e1gina web que \u201cuna de las cosas m\u00e1s importante del tratamiento es la continuidad en el tiempo\u201d. \u201cEs muy importante continuar y mantener el tratamiento una vez comenzado ya que es la \u00fanica manera de lograr que el virus no se reproduzca, y as\u00ed evitar que la enfermedad cr\u00f3nica se convierta en sida\u201d, indica.<\/p>\n<p>&nbsp;<\/p>\n<p>\u201cMe acuerdo que hubo much\u00edsimos compa\u00f1eros que no accedieron al tratamiento y en este momento se est\u00e1 repitiendo que hay medicamentos que faltan, pero tememos que se intensifique y si contin\u00faa este presupuesto, el 30 por ciento no vamos a tener tratamiento porque no se va a poder comprar\u201d, alert\u00f3 Di Bello.<\/p>\n<p>&nbsp;<\/p>\n<p>\u201cEs una barbaridad lo que est\u00e1 pasando, es un genocidio si es as\u00ed, porque nos vamos a morir. Toda la pol\u00edtica que est\u00e1n tomando, con la eliminaci\u00f3n del Ministerio, tambi\u00e9n. Consideran a la salud como un costo y no como un derecho\u201d, manifest\u00f3.<\/p>\n","protected":false},"excerpt":{"rendered":"<p>El Frente Nacional por la Salud de las personas con VIH denunci\u00f3 que el recorte de presupuesto \u201cpone en peligro la continuidad de tratamientos\u201d y que el 30 por ciento de los pacientes no podr\u00e1 acceder a los medicamentos &nbsp; &nbsp; &nbsp; &nbsp; &nbsp; Tras el multitudinario abrazo que se realiz\u00f3 el mi\u00e9rcoles ante la degradaci\u00f3n del Ministerio de Salud a Secretar\u00eda y luego de que se confirmara la renuncia del titular de la Direcci\u00f3n de SIDA, Enfermedades de Educaci\u00f3n Sexual, Hepatitis y Tuberculosis, Sergio Maulen, el Frente Nacional por&#8230;<\/p>\n","protected":false},"author":3,"featured_media":32797,"comment_status":"closed","ping_status":"closed","sticky":false,"template":"","format":"standard","meta":[],"categories":[2],"tags":[],"_links":{"self":[{"href":"https:\/\/www.actualidadadiario.com\/index.php\/wp-json\/wp\/v2\/posts\/32796"}],"collection":[{"href":"https:\/\/www.actualidadadiario.com\/index.php\/wp-json\/wp\/v2\/posts"}],"about":[{"href":"https:\/\/www.actualidadadiario.com\/index.php\/wp-json\/wp\/v2\/types\/post"}],"author":[{"embeddable":true,"href":"https:\/\/www.actualidadadiario.com\/index.php\/wp-json\/wp\/v2\/users\/3"}],"replies":[{"embeddable":true,"href":"https:\/\/www.actualidadadiario.com\/index.php\/wp-json\/wp\/v2\/comments?post=32796"}],"version-history":[{"count":1,"href":"https:\/\/www.actualidadadiario.com\/index.php\/wp-json\/wp\/v2\/posts\/32796\/revisions"}],"predecessor-version":[{"id":32798,"href":"https:\/\/www.actualidadadiario.com\/index.php\/wp-json\/wp\/v2\/posts\/32796\/revisions\/32798"}],"wp:featuredmedia":[{"embeddable":true,"href":"https:\/\/www.actualidadadiario.com\/index.php\/wp-json\/wp\/v2\/media\/32797"}],"wp:attachment":[{"href":"https:\/\/www.actualidadadiario.com\/index.php\/wp-json\/wp\/v2\/media?parent=32796"}],"wp:term":[{"taxonomy":"category","embeddable":true,"href":"https:\/\/www.actualidadadiario.com\/index.php\/wp-json\/wp\/v2\/categories?post=32796"},{"taxonomy":"post_tag","embeddable":true,"href":"https:\/\/www.actualidadadiario.com\/index.php\/wp-json\/wp\/v2\/tags?post=32796"}],"curies":[{"name":"wp","href":"https:\/\/api.w.org\/{rel}","templated":true}]}}