{"id":32793,"date":"2018-09-07T10:35:21","date_gmt":"2018-09-07T13:35:21","guid":{"rendered":"https:\/\/www.actualidadadiario.com\/?p=32793"},"modified":"2018-11-06T19:38:13","modified_gmt":"2018-11-06T22:38:13","slug":"el-mamografo-avon-lalcec-continuara-realizando-mamografias-gratuitas-en-entre-rios","status":"publish","type":"post","link":"https:\/\/www.actualidadadiario.com\/index.php\/2018\/09\/07\/el-mamografo-avon-lalcec-continuara-realizando-mamografias-gratuitas-en-entre-rios\/","title":{"rendered":"El mam\u00f3grafo Avon-Lalcec continuar\u00e1 realizando mamograf\u00edas gratuitas en Entre R\u00edos"},"content":{"rendered":"<p><em><strong>Fundaci\u00f3n AVON y la Liga Argentina de Lucha contra el C\u00e1ncer (LALCEC) contin\u00faan con su labor por la concientizaci\u00f3n en la detecci\u00f3n temprana del c\u00e1ncer de mama \u00b7 Por eso, durante el mes de septiembre, ofrecer\u00e1n la posibilidad a las mujeres que vivan en diferentes localidades de Entre R\u00edos, que tengan entre 40 y 65 a\u00f1os, y no posean cobertura m\u00e9dica u obra social, de realizarse la mamograf\u00eda de manera gratuita en el mam\u00f3grafo m\u00f3vil<\/strong><\/em><\/p>\n<p>&nbsp;<\/p>\n<p>&nbsp;<\/p>\n<p>&nbsp;<\/p>\n<p><strong>Recorrido del Mam\u00f3grafo M\u00f3vil AVON-LALCEC<\/strong><\/p>\n<ul>\n<li>Del 10\/09 al 13\/09 se realizar\u00e1n mamograf\u00edas gratuitas en la Localidad de Col\u00f3n. Para solicitar turnos, hay que acercarse a Moreno 261 o comunicarse telef\u00f3nicamente al (03447) 421-754 de lunes a viernes de 8 a 12 hs. El m\u00f3vil estar\u00e1 ubicado en Moreno 261.<\/li>\n<\/ul>\n<p>&nbsp;<\/p>\n<ul>\n<li>Del 17\/09 al 20\/09 el m\u00f3vil visitar\u00e1 la Localidad de Basavilbaso. Los turnos se solicitan de manera presencial en Urquiza 773 de lunes a jueves de 8 a 12 hs y mi\u00e9rcoles y jueves de 15 a 19 hs. El m\u00f3vil estar\u00e1 ubicado en Urquiza 773.<\/li>\n<\/ul>\n<p>&nbsp;<\/p>\n<ul>\n<li>Del 24\/09 al 27\/09 se realizar\u00e1n mamograf\u00edas gratuitas en la Localidad de Gualeguaychu. Los turnos se solicitan de manera presencial a partir del 10\/09 en 25 de Mayo 1560 de lunes a viernes de 8.30 a 11.30 hs. El m\u00f3vil estar\u00e1 ubicado en General Paz entre 25 de Mayo y San Mart\u00edn.<\/li>\n<\/ul>\n<p>&nbsp;<\/p>\n<p>El nuevo Mam\u00f3grafo M\u00f3vil AVON-LALCEC, que va por su 19\u00b0 a\u00f1o de recorrido ininterrumpido, dio inicio a su recorrido en abril en la Plaza Fuerza A\u00e9rea Argentina ubicada en Retiro con la presencia de autoridades de ambas organizaciones, referentes de la comunidad m\u00e9dica y de organizaciones del \u00e1mbito p\u00fablico y privado. Durante la primera mitad del a\u00f1o, el M\u00f3vil Rosa realiz\u00f3 casi 3700 mamograf\u00edas gratuitas a mujeres en edad de riesgo y sin acceso al estudio y, recorri\u00f3 Buenos Aires, Formosa, Chaco, Misiones, Corrientes y Entre R\u00edos, donde continuar\u00e1 durante el mes de septiembre.<\/p>\n<p>&nbsp;<\/p>\n<p>El Mam\u00f3grafo M\u00f3vil AVON-LALCEC cuenta con un nuevo equipo que permite obtener la imagen digital a trav\u00e9s de una conversi\u00f3n directa de alto rendimiento garantizando la calidad y rapidez de los diagn\u00f3sticos mamarios.<\/p>\n<p>&nbsp;<\/p>\n<p>Seg\u00fan las estad\u00edsticas, 1 de cada 8 mujeres padecer\u00e1 C\u00e1ncer de Mama. Por este motivo, la Fundaci\u00f3n AVON inici\u00f3 su lucha contra esta enfermedad en 1999 con la donaci\u00f3n a LALCEC de un mam\u00f3grafo m\u00f3vil. En 19 a\u00f1os de trabajo constante y en los m\u00e1s de 250.000 kil\u00f3metros que lleva recorridos, esta acci\u00f3n ha hecho posible que m\u00e1s de 2.500 mujeres, que cre\u00edan estar sanas, fueran diagnosticadas a tiempo e iniciaran un tratamiento. En total, hasta el momento, se realizaron m\u00e1s de 150.000 mamograf\u00edas gratuitas y, con estos estudios, muchas mujeres pudieron salvar sus vidas.<\/p>\n<p>&nbsp;<\/p>\n<p>El recorrido que realiza el Mam\u00f3grafo M\u00f3vil AVON-LALCEC por el pa\u00eds responde al compromiso de la Promesa AVON para ganarle al C\u00e1ncer de Mama, a trav\u00e9s del cual se busca crear conciencia sobre la importancia de la realizaci\u00f3n de los controles mamarios anuales y acercar a las mujeres los medios tecnol\u00f3gicos para el diagn\u00f3stico precoz de esta enfermedad.<\/p>\n<p>&nbsp;<\/p>\n<p>\u00danicamente ser\u00e1n atendidas las personas que hayan solicitado un turno previamente, que no se hayan realizado estudios en el \u00faltimo a\u00f1o y no se encuentren en per\u00edodo de lactancia.<\/p>\n","protected":false},"excerpt":{"rendered":"<p>Fundaci\u00f3n AVON y la Liga Argentina de Lucha contra el C\u00e1ncer (LALCEC) contin\u00faan con su labor por la concientizaci\u00f3n en la detecci\u00f3n temprana del c\u00e1ncer de mama \u00b7 Por eso, durante el mes de septiembre, ofrecer\u00e1n la posibilidad a las mujeres que vivan en diferentes localidades de Entre R\u00edos, que tengan entre 40 y 65 a\u00f1os, y no posean cobertura m\u00e9dica u obra social, de realizarse la mamograf\u00eda de manera gratuita en el mam\u00f3grafo m\u00f3vil &nbsp; &nbsp; &nbsp; Recorrido del Mam\u00f3grafo M\u00f3vil AVON-LALCEC Del 10\/09 al 13\/09 se realizar\u00e1n mamograf\u00edas&#8230;<\/p>\n","protected":false},"author":3,"featured_media":32794,"comment_status":"closed","ping_status":"closed","sticky":false,"template":"","format":"standard","meta":[],"categories":[9],"tags":[],"_links":{"self":[{"href":"https:\/\/www.actualidadadiario.com\/index.php\/wp-json\/wp\/v2\/posts\/32793"}],"collection":[{"href":"https:\/\/www.actualidadadiario.com\/index.php\/wp-json\/wp\/v2\/posts"}],"about":[{"href":"https:\/\/www.actualidadadiario.com\/index.php\/wp-json\/wp\/v2\/types\/post"}],"author":[{"embeddable":true,"href":"https:\/\/www.actualidadadiario.com\/index.php\/wp-json\/wp\/v2\/users\/3"}],"replies":[{"embeddable":true,"href":"https:\/\/www.actualidadadiario.com\/index.php\/wp-json\/wp\/v2\/comments?post=32793"}],"version-history":[{"count":1,"href":"https:\/\/www.actualidadadiario.com\/index.php\/wp-json\/wp\/v2\/posts\/32793\/revisions"}],"predecessor-version":[{"id":32795,"href":"https:\/\/www.actualidadadiario.com\/index.php\/wp-json\/wp\/v2\/posts\/32793\/revisions\/32795"}],"wp:featuredmedia":[{"embeddable":true,"href":"https:\/\/www.actualidadadiario.com\/index.php\/wp-json\/wp\/v2\/media\/32794"}],"wp:attachment":[{"href":"https:\/\/www.actualidadadiario.com\/index.php\/wp-json\/wp\/v2\/media?parent=32793"}],"wp:term":[{"taxonomy":"category","embeddable":true,"href":"https:\/\/www.actualidadadiario.com\/index.php\/wp-json\/wp\/v2\/categories?post=32793"},{"taxonomy":"post_tag","embeddable":true,"href":"https:\/\/www.actualidadadiario.com\/index.php\/wp-json\/wp\/v2\/tags?post=32793"}],"curies":[{"name":"wp","href":"https:\/\/api.w.org\/{rel}","templated":true}]}}