{"id":32791,"date":"2018-09-07T10:34:31","date_gmt":"2018-09-07T13:34:31","guid":{"rendered":"https:\/\/www.actualidadadiario.com\/?p=32791"},"modified":"2018-11-06T19:38:13","modified_gmt":"2018-11-06T22:38:13","slug":"comienza-el-cronograma-de-pagos-de-becas-provinciales","status":"publish","type":"post","link":"https:\/\/www.actualidadadiario.com\/index.php\/2018\/09\/07\/comienza-el-cronograma-de-pagos-de-becas-provinciales\/","title":{"rendered":"Comienza el cronograma de pagos de becas provinciales"},"content":{"rendered":"<p><em><strong>Este viernes, el gobierno de Entre R\u00edos comenzar\u00e1 a cumplir con el pago de becas provinciales, con el habitual cronograma seg\u00fan la finalizaci\u00f3n de DNI del estudiante o titular de cobro. M\u00e1s de 33.000 alumnos reciben el acompa\u00f1amiento Instituto Becario<\/strong><\/em><\/p>\n<p>&nbsp;<\/p>\n<p>&nbsp;<\/p>\n<p>&nbsp;<\/p>\n<p>Este viernes y hasta el pr\u00f3ximo jueves se extender\u00e1 un nuevo cronograma de pagos de becas provinciales, que incluye los 13 programas con que cuenta el Instituto Becario actualmente.<\/p>\n<p>&nbsp;<\/p>\n<p>La directora Ejecutiva, Claudia Gieco, indic\u00f3 que \u201cestamos alcanzando lo proyectado para el presente calendario educativo. M\u00e1s de 33.000 becas que significan un verdadero acompa\u00f1amiento al estudiantado y sus familias\u201d.<\/p>\n<p>&nbsp;<\/p>\n<p>La titular de El Becario, sostuvo que \u201ccon el Banco de Entre R\u00edos avanzamos en la implementaci\u00f3n del nuevo sistema de bancarizaci\u00f3n, por lo que la mayor\u00eda de los alumnos ya perciben el beneficio a trav\u00e9s de la tarjeta de d\u00e9bito. S\u00f3lo deben aguardar a la fecha en que se deposita, para asistir al cajero autom\u00e1tico de la entidad financiera a retirar su plata\u201d, explic\u00f3.<\/p>\n<p>&nbsp;<\/p>\n<p>Asimismo, manifest\u00f3 que \u201ccon la Administradora Tributaria de Entre R\u00edos viene realizando un trabajo muy responsable junto a los profesionales entrerrianos; lo que ha permitido consolidar el Impuesto al Ejercicio de las Profesiones Liberales, gracias a mucha concientizaci\u00f3n, a informaci\u00f3n y principalmente a una participaci\u00f3n activa de AEPUER en el Directorio del Instituto\u201d, expres\u00f3 Gieco.<\/p>\n<p>&nbsp;<\/p>\n<p>Los estudiantes becarios deber\u00e1s asistir al banco seg\u00fan su finalizaci\u00f3n de DNI. De todas maneras, el dinero queda depositado en su cuenta para hacer utilizado como el beneficiario considere.<\/p>\n<p>&nbsp;<\/p>\n<p>&nbsp;<\/p>\n<p><strong>Cronograma<\/strong><\/p>\n<p>07\/09 DNI 0y1<\/p>\n<p>10\/09\u00a0\u00a0\u00a0 DNI 2y3<\/p>\n<p>11\/09\u00a0\u00a0\u00a0 DNI 4y5<\/p>\n<p>12\/09\u00a0\u00a0\u00a0 DNI 6y7<\/p>\n<p>13\/09\u00a0\u00a0\u00a0 DNI 8y9<\/p>\n","protected":false},"excerpt":{"rendered":"<p>Este viernes, el gobierno de Entre R\u00edos comenzar\u00e1 a cumplir con el pago de becas provinciales, con el habitual cronograma seg\u00fan la finalizaci\u00f3n de DNI del estudiante o titular de cobro. M\u00e1s de 33.000 alumnos reciben el acompa\u00f1amiento Instituto Becario &nbsp; &nbsp; &nbsp; Este viernes y hasta el pr\u00f3ximo jueves se extender\u00e1 un nuevo cronograma de pagos de becas provinciales, que incluye los 13 programas con que cuenta el Instituto Becario actualmente. &nbsp; La directora Ejecutiva, Claudia Gieco, indic\u00f3 que \u201cestamos alcanzando lo proyectado para el presente calendario educativo. M\u00e1s&#8230;<\/p>\n","protected":false},"author":3,"featured_media":19998,"comment_status":"closed","ping_status":"closed","sticky":false,"template":"","format":"standard","meta":[],"categories":[15],"tags":[],"_links":{"self":[{"href":"https:\/\/www.actualidadadiario.com\/index.php\/wp-json\/wp\/v2\/posts\/32791"}],"collection":[{"href":"https:\/\/www.actualidadadiario.com\/index.php\/wp-json\/wp\/v2\/posts"}],"about":[{"href":"https:\/\/www.actualidadadiario.com\/index.php\/wp-json\/wp\/v2\/types\/post"}],"author":[{"embeddable":true,"href":"https:\/\/www.actualidadadiario.com\/index.php\/wp-json\/wp\/v2\/users\/3"}],"replies":[{"embeddable":true,"href":"https:\/\/www.actualidadadiario.com\/index.php\/wp-json\/wp\/v2\/comments?post=32791"}],"version-history":[{"count":1,"href":"https:\/\/www.actualidadadiario.com\/index.php\/wp-json\/wp\/v2\/posts\/32791\/revisions"}],"predecessor-version":[{"id":32792,"href":"https:\/\/www.actualidadadiario.com\/index.php\/wp-json\/wp\/v2\/posts\/32791\/revisions\/32792"}],"wp:featuredmedia":[{"embeddable":true,"href":"https:\/\/www.actualidadadiario.com\/index.php\/wp-json\/wp\/v2\/media\/19998"}],"wp:attachment":[{"href":"https:\/\/www.actualidadadiario.com\/index.php\/wp-json\/wp\/v2\/media?parent=32791"}],"wp:term":[{"taxonomy":"category","embeddable":true,"href":"https:\/\/www.actualidadadiario.com\/index.php\/wp-json\/wp\/v2\/categories?post=32791"},{"taxonomy":"post_tag","embeddable":true,"href":"https:\/\/www.actualidadadiario.com\/index.php\/wp-json\/wp\/v2\/tags?post=32791"}],"curies":[{"name":"wp","href":"https:\/\/api.w.org\/{rel}","templated":true}]}}