{"id":32788,"date":"2018-09-07T10:33:50","date_gmt":"2018-09-07T13:33:50","guid":{"rendered":"https:\/\/www.actualidadadiario.com\/?p=32788"},"modified":"2018-11-06T19:38:13","modified_gmt":"2018-11-06T22:38:13","slug":"se-remataran-32-automotores-oficiales","status":"publish","type":"post","link":"https:\/\/www.actualidadadiario.com\/index.php\/2018\/09\/07\/se-remataran-32-automotores-oficiales\/","title":{"rendered":"Se rematar\u00e1n 32 automotores oficiales"},"content":{"rendered":"<p><em><strong>En el marco del decreto 2505, que dispone la baja del inventario general de bienes automotores del Estado, el Ministerio de Gobierno y Justicia, junto al Colegio de Martilleros P\u00fablicos y el Colegio de Mandatario y Gestores, rematar\u00e1 32 automotores oficiales<\/strong><\/em><\/p>\n<p>&nbsp;<\/p>\n<p>&nbsp;<\/p>\n<p>&nbsp;<\/p>\n<p>La subasta se llevar\u00e1 adelante el 20 de septiembre en Azcu\u00e9naga 152, Direcci\u00f3n de Automotores. Dicha informaci\u00f3n fue publicada en el Bolet\u00edn Oficial de la provincia el 16 de agosto.<\/p>\n<p>&nbsp;<\/p>\n<p>En tanto, desde la Direcci\u00f3n de Automotores se inform\u00f3 que no se han fijado bases para los montos de los veh\u00edculos.<\/p>\n<p>&nbsp;<\/p>\n<p>Los interesados en ver las unidades pueden hacerlo los d\u00edas jueves 13, viernes 14, lunes 17, martes 18 y mi\u00e9rcoles 19 de septiembre desde las 10 a las 14, en la mencionada repartici\u00f3n.<\/p>\n<p>&nbsp;<\/p>\n<p>Esta iniciativa se enmarca en la necesidad de optimizar los recursos econ\u00f3micos de la provincia, evitando los elevados gastos que demanda la mantenci\u00f3n de determinados automotores.<\/p>\n<p>&nbsp;<\/p>\n<p>El listado de los veh\u00edculos fue previsto por la Direcci\u00f3n de Automotores de Entre R\u00edos, quienes relevaron las unidades que ya no est\u00e1n siendo usados por las distintas \u00e1reas del Estado provincial.<\/p>\n<p>&nbsp;<\/p>\n<p>Asimismo, se firmaron convenios con el Colegio de Martilleros P\u00fablicos de la Provincia de Entre R\u00edos y con el Colegio de Mandatarios y Gestores, a los fines de dar curso a la subasta y garantizar los tr\u00e1mites registrales necesarios.<\/p>\n<p>&nbsp;<\/p>\n<p>Cabe aclarar que los veh\u00edculos se entregar\u00e1n en la condici\u00f3n que se encuentran, con gastos, grav\u00e1menes y multas, si las tuvieren, a cargo del comprador.<\/p>\n","protected":false},"excerpt":{"rendered":"<p>En el marco del decreto 2505, que dispone la baja del inventario general de bienes automotores del Estado, el Ministerio de Gobierno y Justicia, junto al Colegio de Martilleros P\u00fablicos y el Colegio de Mandatario y Gestores, rematar\u00e1 32 automotores oficiales &nbsp; &nbsp; &nbsp; La subasta se llevar\u00e1 adelante el 20 de septiembre en Azcu\u00e9naga 152, Direcci\u00f3n de Automotores. Dicha informaci\u00f3n fue publicada en el Bolet\u00edn Oficial de la provincia el 16 de agosto. &nbsp; En tanto, desde la Direcci\u00f3n de Automotores se inform\u00f3 que no se han fijado bases&#8230;<\/p>\n","protected":false},"author":3,"featured_media":32789,"comment_status":"closed","ping_status":"closed","sticky":false,"template":"","format":"standard","meta":[],"categories":[15],"tags":[],"_links":{"self":[{"href":"https:\/\/www.actualidadadiario.com\/index.php\/wp-json\/wp\/v2\/posts\/32788"}],"collection":[{"href":"https:\/\/www.actualidadadiario.com\/index.php\/wp-json\/wp\/v2\/posts"}],"about":[{"href":"https:\/\/www.actualidadadiario.com\/index.php\/wp-json\/wp\/v2\/types\/post"}],"author":[{"embeddable":true,"href":"https:\/\/www.actualidadadiario.com\/index.php\/wp-json\/wp\/v2\/users\/3"}],"replies":[{"embeddable":true,"href":"https:\/\/www.actualidadadiario.com\/index.php\/wp-json\/wp\/v2\/comments?post=32788"}],"version-history":[{"count":1,"href":"https:\/\/www.actualidadadiario.com\/index.php\/wp-json\/wp\/v2\/posts\/32788\/revisions"}],"predecessor-version":[{"id":32790,"href":"https:\/\/www.actualidadadiario.com\/index.php\/wp-json\/wp\/v2\/posts\/32788\/revisions\/32790"}],"wp:featuredmedia":[{"embeddable":true,"href":"https:\/\/www.actualidadadiario.com\/index.php\/wp-json\/wp\/v2\/media\/32789"}],"wp:attachment":[{"href":"https:\/\/www.actualidadadiario.com\/index.php\/wp-json\/wp\/v2\/media?parent=32788"}],"wp:term":[{"taxonomy":"category","embeddable":true,"href":"https:\/\/www.actualidadadiario.com\/index.php\/wp-json\/wp\/v2\/categories?post=32788"},{"taxonomy":"post_tag","embeddable":true,"href":"https:\/\/www.actualidadadiario.com\/index.php\/wp-json\/wp\/v2\/tags?post=32788"}],"curies":[{"name":"wp","href":"https:\/\/api.w.org\/{rel}","templated":true}]}}