{"id":32785,"date":"2018-09-07T10:33:09","date_gmt":"2018-09-07T13:33:09","guid":{"rendered":"https:\/\/www.actualidadadiario.com\/?p=32785"},"modified":"2018-11-06T19:38:13","modified_gmt":"2018-11-06T22:38:13","slug":"el-senado-entrerriano-rechazo-el-decreto-de-macri-que-deroga-el-fondo-solidario-de-la-soja","status":"publish","type":"post","link":"https:\/\/www.actualidadadiario.com\/index.php\/2018\/09\/07\/el-senado-entrerriano-rechazo-el-decreto-de-macri-que-deroga-el-fondo-solidario-de-la-soja\/","title":{"rendered":"El Senado entrerriano rechaz\u00f3 el decreto de Macri que deroga el Fondo Solidario de la Soja"},"content":{"rendered":"<p><em><strong>En la sesi\u00f3n ordinaria de este jueves el Senado de Entre R\u00edos aprob\u00f3 un proyecto de declaraci\u00f3n autor\u00eda del senador por Concordia \u00c1ngel Giano que fue acompa\u00f1ado por la bancada del FPV-PJ. En \u00e9l se expresa el rechazo al decreto N\u00b0 756\/2018 que derog\u00f3 el Fondo Federal Sojero, lo que supone para la Provincia y los Municipios entrerrianos de 1800 millones de pesos<\/strong><\/em><\/p>\n<p>&nbsp;<\/p>\n<p>&nbsp;<\/p>\n<p>&nbsp;<\/p>\n<p>&nbsp;<\/p>\n<p>&#8220;Nos causa sorpresa la decisi\u00f3n del Gobierno nacional -que ha perdido el rumbo- y deroga en forma inconsulta el decreto del Fondo de la Soja, una decisi\u00f3n federal que hab\u00eda sido adoptada en 2009 por la ex-presidenta Cristina Fern\u00e1ndez de Kirchner que transform\u00f3 en coparticipables los derechos a la exportaci\u00f3n que son recursos nacionales&#8221;, se\u00f1al\u00f3 el presidente del bloque del FPV-PJ.<\/p>\n<p>&nbsp;<\/p>\n<p>Y a\u00f1adi\u00f3: &#8220;Esta decisi\u00f3n inconsulta del gobierno nacional, afecta a la provincia y a los municipios entrerrianos: este a\u00f1o, son 500 millones menos, de los cuales 160 millones son de los municipios, y el a\u00f1o que viene ser\u00e1n 1.300 millones, de los cuales 200 millones son de los municipios. En esto es clara la definici\u00f3n de que es el Fondo Monetario el que controla la pol\u00edtica econ\u00f3mica para intentar el equilibrio fiscal de Naci\u00f3n a costa de los desequilibrios y el desfinanciamiento de las provincias y de los municipios&#8221;.<\/p>\n<p>&nbsp;<\/p>\n<p>Giano indic\u00f3 adem\u00e1s que &#8220;entre tantas malas decisiones que ha tomado este gobierno nacional, en perjuicio de los que menos tienen, resuelve transferirles a las provincias programas de pol\u00edticas de salud o de programas sociales, pero no le transfiere los recursos. Esto se suma a las malas de decisiones de pol\u00edtica econ\u00f3mica de Macri, en donde adem\u00e1s se da una fuga de capitales record y un superendeudamiento de 200 millones de d\u00f3lares que no se sabe d\u00f3nde est\u00e1n&#8221; sostuvo.<\/p>\n<p>&nbsp;<\/p>\n<p>Giano cuestion\u00f3 al gobierno de Macri y dijo: &#8220;La decisi\u00f3n de aplicar nuevamente las retenciones a las exportaciones, no ha causado rechazo de parte de dirigentes de Cambiemos que antes criticaban esas medidas, todo lo contrario ahora se puede, pero no se coparticipa a las provincias ni a municipios&#8221; dijo en alusi\u00f3n a quienes impulsaron el rechazo, con corte de rutas en la gesti\u00f3n de Cristina Fern\u00e1ndez de Kirchner.<\/p>\n<p>&nbsp;<\/p>\n<p>&#8220;En el caso del Fondo de la Soja, el corte se produce en medio de la ejecuci\u00f3n de obras que financian con esos recursos, que estaban presupuestados, que hace 10 d\u00edas se dejaron de percibir. \u00bfC\u00f3mo se soluciona? \u00bfCon qu\u00e9 recursos se van a hacer estas obras que se estaban ejecutando?&#8221;, se pregunt\u00f3 el legislador entrerriano.<\/p>\n","protected":false},"excerpt":{"rendered":"<p>En la sesi\u00f3n ordinaria de este jueves el Senado de Entre R\u00edos aprob\u00f3 un proyecto de declaraci\u00f3n autor\u00eda del senador por Concordia \u00c1ngel Giano que fue acompa\u00f1ado por la bancada del FPV-PJ. En \u00e9l se expresa el rechazo al decreto N\u00b0 756\/2018 que derog\u00f3 el Fondo Federal Sojero, lo que supone para la Provincia y los Municipios entrerrianos de 1800 millones de pesos &nbsp; &nbsp; &nbsp; &nbsp; &#8220;Nos causa sorpresa la decisi\u00f3n del Gobierno nacional -que ha perdido el rumbo- y deroga en forma inconsulta el decreto del Fondo de&#8230;<\/p>\n","protected":false},"author":3,"featured_media":32786,"comment_status":"closed","ping_status":"closed","sticky":false,"template":"","format":"standard","meta":[],"categories":[15],"tags":[],"_links":{"self":[{"href":"https:\/\/www.actualidadadiario.com\/index.php\/wp-json\/wp\/v2\/posts\/32785"}],"collection":[{"href":"https:\/\/www.actualidadadiario.com\/index.php\/wp-json\/wp\/v2\/posts"}],"about":[{"href":"https:\/\/www.actualidadadiario.com\/index.php\/wp-json\/wp\/v2\/types\/post"}],"author":[{"embeddable":true,"href":"https:\/\/www.actualidadadiario.com\/index.php\/wp-json\/wp\/v2\/users\/3"}],"replies":[{"embeddable":true,"href":"https:\/\/www.actualidadadiario.com\/index.php\/wp-json\/wp\/v2\/comments?post=32785"}],"version-history":[{"count":1,"href":"https:\/\/www.actualidadadiario.com\/index.php\/wp-json\/wp\/v2\/posts\/32785\/revisions"}],"predecessor-version":[{"id":32787,"href":"https:\/\/www.actualidadadiario.com\/index.php\/wp-json\/wp\/v2\/posts\/32785\/revisions\/32787"}],"wp:featuredmedia":[{"embeddable":true,"href":"https:\/\/www.actualidadadiario.com\/index.php\/wp-json\/wp\/v2\/media\/32786"}],"wp:attachment":[{"href":"https:\/\/www.actualidadadiario.com\/index.php\/wp-json\/wp\/v2\/media?parent=32785"}],"wp:term":[{"taxonomy":"category","embeddable":true,"href":"https:\/\/www.actualidadadiario.com\/index.php\/wp-json\/wp\/v2\/categories?post=32785"},{"taxonomy":"post_tag","embeddable":true,"href":"https:\/\/www.actualidadadiario.com\/index.php\/wp-json\/wp\/v2\/tags?post=32785"}],"curies":[{"name":"wp","href":"https:\/\/api.w.org\/{rel}","templated":true}]}}