{"id":32783,"date":"2018-09-07T10:32:32","date_gmt":"2018-09-07T13:32:32","guid":{"rendered":"https:\/\/www.actualidadadiario.com\/?p=32783"},"modified":"2018-11-06T19:38:13","modified_gmt":"2018-11-06T22:38:13","slug":"presupuesto-2019-la-ultima-palabra-la-tendran-los-gobernadores","status":"publish","type":"post","link":"https:\/\/www.actualidadadiario.com\/index.php\/2018\/09\/07\/presupuesto-2019-la-ultima-palabra-la-tendran-los-gobernadores\/","title":{"rendered":"Presupuesto 2019: la \u00faltima palabra la tendr\u00e1n los Gobernadores"},"content":{"rendered":"<p><em><strong>Hugo Ballay, ministro de Econom\u00eda, asegur\u00f3 que en el encuentro con Rogelio Frigerio y funcionarios nacionales por el presupuesto nacional 2019, volvieron a dialogar sobre el incremento de recursos para atender erogaciones que la Naci\u00f3n deja de subsidiar \u00b7 Las proyecciones estar\u00e1n listas antes del encuentro con los Gobernadores, que se concretar\u00e1 el martes \u00b7 De los n\u00fameros nacionales depender\u00e1 el perfil del presupuesto provincial 2019<\/strong><\/em><\/p>\n<p>&nbsp;<\/p>\n<p>&nbsp;<\/p>\n<p>&nbsp;<\/p>\n<p>&nbsp;<\/p>\n<p>En la reuni\u00f3n de esta jornada \u201cse volvi\u00f3 a plantear la quita del subsidio al transporte, la quita al subsidio de la tarifa el\u00e9ctrica que es una resoluci\u00f3n que ya tom\u00f3 la Secretar\u00eda de Energ\u00eda ayer y el fondo sojero\u201d, detall\u00f3 Ballay.<\/p>\n<p>&nbsp;<\/p>\n<p>\u201cLo que ven\u00edamos planteando nosotros es que si las Provincias se tienen que hacer cargo de esa quita de subsidios del gobierno nacional, empezar a ver los recursos. El martes hab\u00edamos planteado algunas cuestiones que hoy estuvimos viendo. Quedaron en armar y hacernos llegar un documento antes del lunes para que lo analicen los gobernadores en la reuni\u00f3n del martes\u201d, agreg\u00f3.<\/p>\n<p>&nbsp;<\/p>\n<p>El funcionario provincial relat\u00f3 que el pedido de las provincias es reabrir el denominado \u201cConsenso Fiscal\u201d para rever la baja y desaparici\u00f3n de tributos provinciales. \u201cEn ingresos brutos tienen bastante resistencia no as\u00ed en Sellos, donde estar\u00edan dispuestos. Esto no significa crear nuevos impuestos, sino suspender las bajas para el a\u00f1o siguiente\u201d, detall\u00f3. Por otro lado, se baraj\u00f3 una modificaci\u00f3n al impuesto a los bienes personales, que es un tributo coparticipable entre Naci\u00f3n y Provincias.<\/p>\n<p>&nbsp;<\/p>\n<p>Este esquema ya hab\u00eda sido adelantado el martes por los ministros de las provincias opositoras (hoy la convocatoria fue m\u00e1s amplia) y para el encuentro de hoy los funcionarios de Naci\u00f3n hab\u00edan hecho estimaciones de n\u00fameros, narr\u00f3.<\/p>\n<p>&nbsp;<\/p>\n<p>Con respecto a las chances que tendr\u00e1n estas propuestas de las Provincias de ser tenidas en cuenta, Ballay asegur\u00f3: \u201cEntendemos que s\u00ed, porque el Gobierno nacional aspira a que las provincias acompa\u00f1en el presupuesto 2019. Y todas estas propuestas son para que el presupuesto sea equilibrado, que es la exigencia del Fondo Monetario\u201d.<\/p>\n<p>&nbsp;<\/p>\n<p>\u201cLas reuniones son positivas. Se avanza de encuentro en encuentro. Los Gobernadores tambi\u00e9n est\u00e1n analizando esa posibilidad, pero sin asumir compromisos que impliquen que el equilibrio fiscal de la Naci\u00f3n sea el desequilibrio de las provincias\u201d, asever\u00f3.<\/p>\n<p>&nbsp;<\/p>\n<p>Ballay adelant\u00f3 que para el armado definitivo del presupuesto provincial para el a\u00f1o pr\u00f3ximo, son necesarios par\u00e1metros que define la Naci\u00f3n: tipo de cambio, inflaci\u00f3n y tasa de crecimiento, que a\u00fan no han sido definidas. \u201cTodav\u00eda no tenemos esos valores, por lo tanto no podemos avanzar demasiado. Lo que estamos haciendo en las distintas \u00e1reas con los distintos ministerios es, en base a lo ejecutado 2018, iniciar una proyecci\u00f3n 2019\u201d, coment\u00f3.<\/p>\n","protected":false},"excerpt":{"rendered":"<p>Hugo Ballay, ministro de Econom\u00eda, asegur\u00f3 que en el encuentro con Rogelio Frigerio y funcionarios nacionales por el presupuesto nacional 2019, volvieron a dialogar sobre el incremento de recursos para atender erogaciones que la Naci\u00f3n deja de subsidiar \u00b7 Las proyecciones estar\u00e1n listas antes del encuentro con los Gobernadores, que se concretar\u00e1 el martes \u00b7 De los n\u00fameros nacionales depender\u00e1 el perfil del presupuesto provincial 2019 &nbsp; &nbsp; &nbsp; &nbsp; En la reuni\u00f3n de esta jornada \u201cse volvi\u00f3 a plantear la quita del subsidio al transporte, la quita al subsidio&#8230;<\/p>\n","protected":false},"author":3,"featured_media":30105,"comment_status":"closed","ping_status":"closed","sticky":false,"template":"","format":"standard","meta":[],"categories":[9],"tags":[],"_links":{"self":[{"href":"https:\/\/www.actualidadadiario.com\/index.php\/wp-json\/wp\/v2\/posts\/32783"}],"collection":[{"href":"https:\/\/www.actualidadadiario.com\/index.php\/wp-json\/wp\/v2\/posts"}],"about":[{"href":"https:\/\/www.actualidadadiario.com\/index.php\/wp-json\/wp\/v2\/types\/post"}],"author":[{"embeddable":true,"href":"https:\/\/www.actualidadadiario.com\/index.php\/wp-json\/wp\/v2\/users\/3"}],"replies":[{"embeddable":true,"href":"https:\/\/www.actualidadadiario.com\/index.php\/wp-json\/wp\/v2\/comments?post=32783"}],"version-history":[{"count":1,"href":"https:\/\/www.actualidadadiario.com\/index.php\/wp-json\/wp\/v2\/posts\/32783\/revisions"}],"predecessor-version":[{"id":32784,"href":"https:\/\/www.actualidadadiario.com\/index.php\/wp-json\/wp\/v2\/posts\/32783\/revisions\/32784"}],"wp:featuredmedia":[{"embeddable":true,"href":"https:\/\/www.actualidadadiario.com\/index.php\/wp-json\/wp\/v2\/media\/30105"}],"wp:attachment":[{"href":"https:\/\/www.actualidadadiario.com\/index.php\/wp-json\/wp\/v2\/media?parent=32783"}],"wp:term":[{"taxonomy":"category","embeddable":true,"href":"https:\/\/www.actualidadadiario.com\/index.php\/wp-json\/wp\/v2\/categories?post=32783"},{"taxonomy":"post_tag","embeddable":true,"href":"https:\/\/www.actualidadadiario.com\/index.php\/wp-json\/wp\/v2\/tags?post=32783"}],"curies":[{"name":"wp","href":"https:\/\/api.w.org\/{rel}","templated":true}]}}