{"id":32781,"date":"2018-09-07T10:31:48","date_gmt":"2018-09-07T13:31:48","guid":{"rendered":"https:\/\/www.actualidadadiario.com\/?p=32781"},"modified":"2018-11-06T19:38:13","modified_gmt":"2018-11-06T22:38:13","slug":"varisco-quedo-a-un-paso-del-juicio-pero-piensa-en-la-reeleccion","status":"publish","type":"post","link":"https:\/\/www.actualidadadiario.com\/index.php\/2018\/09\/07\/varisco-quedo-a-un-paso-del-juicio-pero-piensa-en-la-reeleccion\/","title":{"rendered":"Varisco qued\u00f3 a un paso del juicio pero piensa en la reelecci\u00f3n"},"content":{"rendered":"<p><em><strong>La comprometida situaci\u00f3n judicial de Sergio Varisco, intendente de Paran\u00e1, procesado en una causa por narcotr\u00e1fico, volvi\u00f3 a llamar la atenci\u00f3n de los medios nacionales. El periodista Mariano Gaik Aldrovandi, de Clar\u00edn, se hizo eco de la decisi\u00f3n de la C\u00e1mara Federal de Apelaciones, que confirm\u00f3 las graves acusaciones que pesan sobre el mandatario comunal de la capital entrerriana<\/strong><\/em><\/p>\n<p>&nbsp;<\/p>\n<p>&nbsp;<\/p>\n<p>&nbsp;<\/p>\n<p>\u201cDe ac\u00e1 me sacan preso o muerto\u201d lo escuchan decir en su entorno al intendente de Paran\u00e1 Sergio Varisco, procesado en una causa por narcotr\u00e1fico. Nunca pens\u00f3 en renunciar y, aunque ahora la C\u00e1mara le dio un nuevo rev\u00e9s judicial, decidi\u00f3 ir por la reelecci\u00f3n. En la capital de Entre R\u00edos reina la incertidumbre.<\/p>\n<p>&nbsp;<\/p>\n<p>Varisco, ex diputado nacional por el radicalismo que gan\u00f3 las elecciones con Cambiemos en 2015, est\u00e1 acusado de \u201cfinanciamiento de actividades de comercio de estupefacientes\u201d y \u201cpeculado\u201d. Es decir, por comprar droga con la plata de la Municipalidad.<\/p>\n<p>&nbsp;<\/p>\n<p>Para la Justicia hay pruebas que lo incriminan en la compra de seis panes de coca\u00edna junto a otros funcionarios municipales para Daniel \u201cTavi\u201d Celis, un puntero que hizo campa\u00f1a para el intendente y habr\u00eda comandado la organizaci\u00f3n desde la c\u00e1rcel. Celis, adem\u00e1s, est\u00e1 a un paso de ir a juicio oral en la causa de la \u201cnarcoavioneta\u201d que llevaba marihuana a Entre R\u00edos para repartir en camiones de basura municipales.<\/p>\n<p>&nbsp;<\/p>\n<p>Golpeado primero por los allanamientos en su casa y en su despacho en el Palacio Municipal, Varisco se mostr\u00f3 cauto y se puso \u201ca disposici\u00f3n\u201d de la Justicia. \u201cTengo la conciencia tranquila. No hay nada para ocultar\u201d, le dijo en mayo a Clar\u00edn. Pero cuando fue procesado sin prisi\u00f3n preventiva por el juez federal Leandro R\u00edos, luego de la aparici\u00f3n de un cuaderno con anotaciones, escuchas telef\u00f3nicas y audios de Whatsapp que lo vinculaban con Celis en la compra de droga al por mayor, el intendente inici\u00f3 un contragolpe.<\/p>\n<p>&nbsp;<\/p>\n<p>Comenz\u00f3 con un euf\u00f3rico acto en el Comit\u00e9 Provincial de la Uni\u00f3n C\u00edvica Radical de Entre R\u00edos en el que habl\u00f3 de una operaci\u00f3n pol\u00edtica y defendi\u00f3 p\u00fablicamente a la subsecretaria de Seguridad Griselda Bordeira y al concejal Pablo Hern\u00e1ndez (Cambiemos), procesados con \u00e9l en la causa. Pero la puesta en escena no tuvo efecto puertas para adentro y dos semanas despu\u00e9s la UCR suspendi\u00f3 su afiliaci\u00f3n.<\/p>\n<p>&nbsp;<\/p>\n<p>Tambi\u00e9n protagoniz\u00f3 un esc\u00e1ndalo en el Concejo Deliberante de Paran\u00e1 al irrumpir en una sesi\u00f3n para dar su mensaje. Todo termin\u00f3 con incidentes por los que luego fue detenido el secretario de Medios municipal Juan Francisco Ram\u00edrez Montrull, denunciado por amenazas contra la viceintendente Josefina Etienot.<\/p>\n<p>&nbsp;<\/p>\n<p>Fueron d\u00edas agitados pero apelando a su \u201cgran poder de convicci\u00f3n\u201d, Varisco se encarg\u00f3 de repetir ante todos que no ten\u00eda nada que ver con la causa. Como parte de esa estrategia, hizo una gira por varios programas period\u00edsticos nacionales. As\u00ed se mantuvo en su cargo, beneficiado tambi\u00e9n por una cuesti\u00f3n legal: la legislaci\u00f3n provincial no contempla un mecanismo mediante el cual el Concejo Deliberante pueda destituir al jefe comunal, tal como sucede en otros lugares del pa\u00eds.<\/p>\n<p>&nbsp;<\/p>\n<p>En paralelo, los abogados del intendente Miguel \u00c1ngel Cullen y Claudio Caffarello apelaron el procesamiento planteando una \u201cnulidad\u201d porque a Varisco, durante su indagatoria, no le dijeron que los fondos que habr\u00eda utilizado para la compra de droga \u201ceran del erario p\u00fablico\u201d. Tambi\u00e9n sostuvieron, al igual que el jefe comunal, que \u201cno hay elementos\u201d que lo vinculen con los delitos se\u00f1alados y que \u201cnada tiene que ver\u201d con el narcotr\u00e1fico.<\/p>\n<p>&nbsp;<\/p>\n<p>Pero la C\u00e1mara Federal de Apelaciones de Entre R\u00edos rechaz\u00f3 el pedido y confirm\u00f3 el procesamiento de Varisco, Borderia, Hern\u00e1ndez, el inspector de tr\u00e1nsito Alan Nicol\u00e1s Viola, Nahuel Jonatan Eduardo Celis y Jonathan Jes\u00fas Heintz.<\/p>\n<p>&nbsp;<\/p>\n<p>Los camaristas Cintia Graciela G\u00f3mez Mateo, Jos\u00e9 Busaniche y Beatriz Estela Aranguren consideraron que hay \u201cindicios suficientes para sostener, con el grado de probabilidad que esta instancia requiere, la existencia de una pluralidad de sujetos que estar\u00edan involucrados en actividades relativas al comercio de estupefacientes\u201d.<\/p>\n<p>&nbsp;<\/p>\n<p>Solamente le dictaron la falta de m\u00e9rito a Ernesto Ram\u00f3n Gonz\u00e1lez, un hombre vinculado a Celis y ex director de la Unidad Municipal N\u00b0 2.<\/p>\n","protected":false},"excerpt":{"rendered":"<p>La comprometida situaci\u00f3n judicial de Sergio Varisco, intendente de Paran\u00e1, procesado en una causa por narcotr\u00e1fico, volvi\u00f3 a llamar la atenci\u00f3n de los medios nacionales. El periodista Mariano Gaik Aldrovandi, de Clar\u00edn, se hizo eco de la decisi\u00f3n de la C\u00e1mara Federal de Apelaciones, que confirm\u00f3 las graves acusaciones que pesan sobre el mandatario comunal de la capital entrerriana &nbsp; &nbsp; &nbsp; \u201cDe ac\u00e1 me sacan preso o muerto\u201d lo escuchan decir en su entorno al intendente de Paran\u00e1 Sergio Varisco, procesado en una causa por narcotr\u00e1fico. Nunca pens\u00f3 en&#8230;<\/p>\n","protected":false},"author":3,"featured_media":27884,"comment_status":"closed","ping_status":"closed","sticky":false,"template":"","format":"standard","meta":[],"categories":[15],"tags":[],"_links":{"self":[{"href":"https:\/\/www.actualidadadiario.com\/index.php\/wp-json\/wp\/v2\/posts\/32781"}],"collection":[{"href":"https:\/\/www.actualidadadiario.com\/index.php\/wp-json\/wp\/v2\/posts"}],"about":[{"href":"https:\/\/www.actualidadadiario.com\/index.php\/wp-json\/wp\/v2\/types\/post"}],"author":[{"embeddable":true,"href":"https:\/\/www.actualidadadiario.com\/index.php\/wp-json\/wp\/v2\/users\/3"}],"replies":[{"embeddable":true,"href":"https:\/\/www.actualidadadiario.com\/index.php\/wp-json\/wp\/v2\/comments?post=32781"}],"version-history":[{"count":1,"href":"https:\/\/www.actualidadadiario.com\/index.php\/wp-json\/wp\/v2\/posts\/32781\/revisions"}],"predecessor-version":[{"id":32782,"href":"https:\/\/www.actualidadadiario.com\/index.php\/wp-json\/wp\/v2\/posts\/32781\/revisions\/32782"}],"wp:featuredmedia":[{"embeddable":true,"href":"https:\/\/www.actualidadadiario.com\/index.php\/wp-json\/wp\/v2\/media\/27884"}],"wp:attachment":[{"href":"https:\/\/www.actualidadadiario.com\/index.php\/wp-json\/wp\/v2\/media?parent=32781"}],"wp:term":[{"taxonomy":"category","embeddable":true,"href":"https:\/\/www.actualidadadiario.com\/index.php\/wp-json\/wp\/v2\/categories?post=32781"},{"taxonomy":"post_tag","embeddable":true,"href":"https:\/\/www.actualidadadiario.com\/index.php\/wp-json\/wp\/v2\/tags?post=32781"}],"curies":[{"name":"wp","href":"https:\/\/api.w.org\/{rel}","templated":true}]}}