{"id":32778,"date":"2018-09-07T10:31:07","date_gmt":"2018-09-07T13:31:07","guid":{"rendered":"https:\/\/www.actualidadadiario.com\/?p=32778"},"modified":"2018-11-06T19:38:18","modified_gmt":"2018-11-06T22:38:18","slug":"el-gobierno-provincial-dialogo-con-citricultores","status":"publish","type":"post","link":"https:\/\/www.actualidadadiario.com\/index.php\/2018\/09\/07\/el-gobierno-provincial-dialogo-con-citricultores\/","title":{"rendered":"El gobierno provincial dialog\u00f3 con citricultores"},"content":{"rendered":"<p><em><strong>La ministra de Gobierno y Justicia, Rosario Romero, se reuni\u00f3 con la Federaci\u00f3n de Citrus de Entre R\u00edos, a los fines de interiorizarse sobre la problem\u00e1tica del sector. El encuentro se realiz\u00f3 en la ciudad de Federal<\/strong><\/em><\/p>\n<p>&nbsp;<\/p>\n<p>&nbsp;<\/p>\n<p>&nbsp;<\/p>\n<p>&nbsp;<\/p>\n<p>Aprovechando la visita de la ministra en otras actividades, los citricultores pidieron una audiencia y fueron recibidos por Rosario Romero y el director de Trabajo, Silvio Pucheta.<\/p>\n<p>&nbsp;<\/p>\n<p>\u201cEstuvimos charlando con citricultores, junto al director de Trabajo, Silvio Pucheta, respecto a las dificultades que est\u00e1n viviendo y proponiendo algunas medidas del gobierno provincial para mejorar las condiciones del sector en Entre R\u00edos. Fue una jornada muy fruct\u00edfera y nos vamos con mucho para seguir trabajando en este sentido\u201d, explic\u00f3 Romero tras la reuni\u00f3n.<\/p>\n<p>&nbsp;<\/p>\n<p>Por su parte, el presidente de la Federaci\u00f3n de Citrus, Ariel Panozzo Galmarello, agradeci\u00f3 la posibilidad de establecer el di\u00e1logo con el gobierno provincial y resalt\u00f3 la importancia de trabajar para mejorar las condiciones del sector.<\/p>\n<p>&nbsp;<\/p>\n<p>\u201cPudimos ponerla al tanto de los problemas laborales de nuestro sector y ella junto a la delegaci\u00f3n de Trabajo van a ver qu\u00e9 soluciones nos pueden dar. Hoy la citricultura est\u00e1 dando trabajo a m\u00e1s de 30 mil personas. Los departamentos m\u00e1s importantes son los de Federaci\u00f3n y Concordia de donde salen las fuentes de trabajo. La situaci\u00f3n econ\u00f3mica no es un beneficio para el sector citr\u00edcola, nos produce m\u00e1s trabas y muchos m\u00e1s costos\u201d, finaliz\u00f3.<\/p>\n","protected":false},"excerpt":{"rendered":"<p>La ministra de Gobierno y Justicia, Rosario Romero, se reuni\u00f3 con la Federaci\u00f3n de Citrus de Entre R\u00edos, a los fines de interiorizarse sobre la problem\u00e1tica del sector. El encuentro se realiz\u00f3 en la ciudad de Federal &nbsp; &nbsp; &nbsp; &nbsp; Aprovechando la visita de la ministra en otras actividades, los citricultores pidieron una audiencia y fueron recibidos por Rosario Romero y el director de Trabajo, Silvio Pucheta. &nbsp; \u201cEstuvimos charlando con citricultores, junto al director de Trabajo, Silvio Pucheta, respecto a las dificultades que est\u00e1n viviendo y proponiendo algunas&#8230;<\/p>\n","protected":false},"author":3,"featured_media":32779,"comment_status":"closed","ping_status":"closed","sticky":false,"template":"","format":"standard","meta":[],"categories":[15],"tags":[],"_links":{"self":[{"href":"https:\/\/www.actualidadadiario.com\/index.php\/wp-json\/wp\/v2\/posts\/32778"}],"collection":[{"href":"https:\/\/www.actualidadadiario.com\/index.php\/wp-json\/wp\/v2\/posts"}],"about":[{"href":"https:\/\/www.actualidadadiario.com\/index.php\/wp-json\/wp\/v2\/types\/post"}],"author":[{"embeddable":true,"href":"https:\/\/www.actualidadadiario.com\/index.php\/wp-json\/wp\/v2\/users\/3"}],"replies":[{"embeddable":true,"href":"https:\/\/www.actualidadadiario.com\/index.php\/wp-json\/wp\/v2\/comments?post=32778"}],"version-history":[{"count":1,"href":"https:\/\/www.actualidadadiario.com\/index.php\/wp-json\/wp\/v2\/posts\/32778\/revisions"}],"predecessor-version":[{"id":32780,"href":"https:\/\/www.actualidadadiario.com\/index.php\/wp-json\/wp\/v2\/posts\/32778\/revisions\/32780"}],"wp:featuredmedia":[{"embeddable":true,"href":"https:\/\/www.actualidadadiario.com\/index.php\/wp-json\/wp\/v2\/media\/32779"}],"wp:attachment":[{"href":"https:\/\/www.actualidadadiario.com\/index.php\/wp-json\/wp\/v2\/media?parent=32778"}],"wp:term":[{"taxonomy":"category","embeddable":true,"href":"https:\/\/www.actualidadadiario.com\/index.php\/wp-json\/wp\/v2\/categories?post=32778"},{"taxonomy":"post_tag","embeddable":true,"href":"https:\/\/www.actualidadadiario.com\/index.php\/wp-json\/wp\/v2\/tags?post=32778"}],"curies":[{"name":"wp","href":"https:\/\/api.w.org\/{rel}","templated":true}]}}