{"id":32758,"date":"2018-09-06T10:46:35","date_gmt":"2018-09-06T13:46:35","guid":{"rendered":"https:\/\/www.actualidadadiario.com\/?p=32758"},"modified":"2018-11-06T19:38:18","modified_gmt":"2018-11-06T22:38:18","slug":"bolivia-evo-prepara-un-plan-anti-impacto-por-la-crisis-argentina","status":"publish","type":"post","link":"https:\/\/www.actualidadadiario.com\/index.php\/2018\/09\/06\/bolivia-evo-prepara-un-plan-anti-impacto-por-la-crisis-argentina\/","title":{"rendered":"Bolivia: Evo prepara un plan anti impacto por la crisis Argentina"},"content":{"rendered":"<p><em><strong>El golpe econ\u00f3mico se siente en ciudades fronterizas. &#8220;Ped\u00ed que el equipo econ\u00f3mico y productivo del gabinete trabaje toda la semana, vamos a convocar a la banca privada, con empresarios&#8221;, dijo el mandatario<\/strong><\/em><\/p>\n<p>&nbsp;<\/p>\n<p>&nbsp;<\/p>\n<p>&nbsp;<\/p>\n<p>&nbsp;<\/p>\n<p>El Gobierno de Bolivia definir\u00e1 en los pr\u00f3ximos d\u00edas, en consulta con el sector empresarial, un plan para enfrentar los efectos de la crisis econ\u00f3mica argentina que ya se sienten en ciudades fronterizas, dijo este mi\u00e9rcoles el presidente Evo Morales.<\/p>\n<p>&nbsp;<\/p>\n<p>&#8220;Ped\u00ed esta ma\u00f1ana, aunque esto ya (viene) de antes, con m\u00e1s fuerza que el equipo econ\u00f3mico y productivo del gabinete trabaje toda la semana (\u2026), vamos a convocar a la banca privada, con empresarios&#8221;, dijo el mandatario.<\/p>\n<p>&nbsp;<\/p>\n<p>El presidente realiz\u00f3 esta declaraci\u00f3n en una extensa conferencia de prensa, refiri\u00e9ndose entre otros temas a reportes de medios locales sobre la ca\u00edda del comercio fronterizo entre Bolivia y Argentina y a crecientes dificultades de exportadores de frutas tropicales.<\/p>\n<p>&nbsp;<\/p>\n<p>El tipo de cambio en Bolivia se mantiene fijo desde hace casi siete a\u00f1os en 6,96 bolivianos por d\u00f3lar.<\/p>\n<p>&nbsp;<\/p>\n<p>Seg\u00fan los medios, el habitualmente intenso comercio en las ciudades sure\u00f1as de Yacuiba, Bermejo y Villaz\u00f3n, fronterizas con Argentina, ha ca\u00eddo en las \u00faltimas semanas por la disminuci\u00f3n de las visitas de ciudadanos argentinos a causa de la depreciaci\u00f3n de la moneda del pa\u00eds vecino.<\/p>\n<p>&nbsp;<\/p>\n<p>&#8220;Hace dos semanas en Yacuiba me dijeron que las malas noticias son que no hay movimiento econ\u00f3mico, hay desempleo, han bajado las ventas en la frontera; lo bueno, dec\u00edan, es que ahora los hermanos argentinos ahorran su plata en pesos bolivianos&#8221;, resumi\u00f3 Morales.<\/p>\n<p>&nbsp;<\/p>\n<p>Agreg\u00f3 que ha instruido a sus ministros que atiendan el problema con prioridad, recojan propuestas del empresariado y presenten un plan a m\u00e1s tardar en el gabinete dentro de una semana.<\/p>\n<p>&nbsp;<\/p>\n<p>Simult\u00e1neamente, el gerente de la C\u00e1mara Nacional de Comercio, Gustavo J\u00e1uregui, dijo a reporteros que el sector exportador, que cotiza sus productos en d\u00f3lares, era el m\u00e1s afectado por las dificultades del mercado argentino, seg\u00fan report\u00f3 radio Fides.<\/p>\n<p>&nbsp;<\/p>\n<p>&#8220;Argentina y Brasil son nuestros principales socios comerciales y no podemos evitar ser impactados por sus problemas, lo que pedimos al Gobierno es concertar medidas para evitar el colapso de nuestro sector productivo exportador y la protecci\u00f3n de nuestra industria de mercado interno&#8221;, afirm\u00f3.<\/p>\n<p>&nbsp;<\/p>\n<p>Cit\u00f3 como sector m\u00e1s sensible a la problem\u00e1tica del mercado argentino al agr\u00edcola, que vende al vecino sure\u00f1o banano, pi\u00f1a y palmito.<\/p>\n<p>&nbsp;<\/p>\n<p>El ministro de Desarrollo Productivo, C\u00e9sar Cocarico, confirm\u00f3 seg\u00fan un despacho de la agencia oficial ABI que la exportaci\u00f3n de banano a Argentina &#8220;ha disminuido sustancialmente&#8221;.<\/p>\n<p>&nbsp;<\/p>\n<p>&#8220;Una crisis econ\u00f3mica en un pa\u00eds vecino siempre afecta, en este caso la crisis de Argentina de alguna u otra forma va a golpear&#8221;, a\u00f1adi\u00f3 Cocarico, sin confirmar versiones de exportadores bananeros de que sus despachos a Argentina han ca\u00eddo hasta en un 90 por ciento en el \u00faltimo mes.<\/p>\n<p>&nbsp;<\/p>\n<p>El diario La Raz\u00f3n refiri\u00f3 este mi\u00e9rcoles un reporte del alcalde de Bermejo, Delfor Burgos, revelando que el promedio de ciudadanos argentinos que visitan esa ciudad ha ca\u00eddo de 5.000 a 500 por d\u00eda.<\/p>\n<p>&nbsp;<\/p>\n<p>&#8220;Todo indica que los tours de compras a Bolivia se acabaron&#8221;, titul\u00f3 en un reportaje el diario El Tribuno de la ciudad de Salta, reproducido por el medio boliviano.<\/p>\n","protected":false},"excerpt":{"rendered":"<p>El golpe econ\u00f3mico se siente en ciudades fronterizas. &#8220;Ped\u00ed que el equipo econ\u00f3mico y productivo del gabinete trabaje toda la semana, vamos a convocar a la banca privada, con empresarios&#8221;, dijo el mandatario &nbsp; &nbsp; &nbsp; &nbsp; El Gobierno de Bolivia definir\u00e1 en los pr\u00f3ximos d\u00edas, en consulta con el sector empresarial, un plan para enfrentar los efectos de la crisis econ\u00f3mica argentina que ya se sienten en ciudades fronterizas, dijo este mi\u00e9rcoles el presidente Evo Morales. &nbsp; &#8220;Ped\u00ed esta ma\u00f1ana, aunque esto ya (viene) de antes, con m\u00e1s fuerza&#8230;<\/p>\n","protected":false},"author":3,"featured_media":32759,"comment_status":"closed","ping_status":"closed","sticky":false,"template":"","format":"standard","meta":[],"categories":[4],"tags":[],"_links":{"self":[{"href":"https:\/\/www.actualidadadiario.com\/index.php\/wp-json\/wp\/v2\/posts\/32758"}],"collection":[{"href":"https:\/\/www.actualidadadiario.com\/index.php\/wp-json\/wp\/v2\/posts"}],"about":[{"href":"https:\/\/www.actualidadadiario.com\/index.php\/wp-json\/wp\/v2\/types\/post"}],"author":[{"embeddable":true,"href":"https:\/\/www.actualidadadiario.com\/index.php\/wp-json\/wp\/v2\/users\/3"}],"replies":[{"embeddable":true,"href":"https:\/\/www.actualidadadiario.com\/index.php\/wp-json\/wp\/v2\/comments?post=32758"}],"version-history":[{"count":1,"href":"https:\/\/www.actualidadadiario.com\/index.php\/wp-json\/wp\/v2\/posts\/32758\/revisions"}],"predecessor-version":[{"id":32760,"href":"https:\/\/www.actualidadadiario.com\/index.php\/wp-json\/wp\/v2\/posts\/32758\/revisions\/32760"}],"wp:featuredmedia":[{"embeddable":true,"href":"https:\/\/www.actualidadadiario.com\/index.php\/wp-json\/wp\/v2\/media\/32759"}],"wp:attachment":[{"href":"https:\/\/www.actualidadadiario.com\/index.php\/wp-json\/wp\/v2\/media?parent=32758"}],"wp:term":[{"taxonomy":"category","embeddable":true,"href":"https:\/\/www.actualidadadiario.com\/index.php\/wp-json\/wp\/v2\/categories?post=32758"},{"taxonomy":"post_tag","embeddable":true,"href":"https:\/\/www.actualidadadiario.com\/index.php\/wp-json\/wp\/v2\/tags?post=32758"}],"curies":[{"name":"wp","href":"https:\/\/api.w.org\/{rel}","templated":true}]}}