{"id":32755,"date":"2018-09-06T10:45:41","date_gmt":"2018-09-06T13:45:41","guid":{"rendered":"https:\/\/www.actualidadadiario.com\/?p=32755"},"modified":"2018-11-06T19:38:18","modified_gmt":"2018-11-06T22:38:18","slug":"sin-dar-precisiones-el-gobierno-intento-usar-politicamente-los-saqueos","status":"publish","type":"post","link":"https:\/\/www.actualidadadiario.com\/index.php\/2018\/09\/06\/sin-dar-precisiones-el-gobierno-intento-usar-politicamente-los-saqueos\/","title":{"rendered":"Sin dar precisiones, el Gobierno intent\u00f3 usar pol\u00edticamente los saqueos"},"content":{"rendered":"<p><em><strong>Tras la muerte del ni\u00f1o chaque\u00f1o durante un intento de robo masivo a un supermercado, la ministra de Seguridad, Patricia Bullrich, asegur\u00f3 que esos episodios son \u201cplanificados\u201d y tienen un objetivo pol\u00edtico. Adem\u00e1s, defendi\u00f3 a la polic\u00eda<\/strong><\/em><\/p>\n<p>&nbsp;<\/p>\n<p>&nbsp;<\/p>\n<p>&nbsp;<\/p>\n<p>&nbsp;<\/p>\n<p>Luego de los saqueos que se produjeron en los \u00faltimos d\u00edas en distintas provincias del pa\u00eds, uno de ellos que termin\u00f3 en el asesinato de un ni\u00f1o chaque\u00f1o de 13 a\u00f1os, desde el gobierno de Mauricio Macri salieron a instalar la hip\u00f3tesis de que esos episodios fueron \u201cplanificados\u201d y que responden a un objetivo pol\u00edtico. \u201cEl saqueo es un intento de generar incertidumbre y no lo vamos a permitir\u201d, asegur\u00f3 la ministra de Seguridad, Patricia Bullrich, quien vincul\u00f3 los hechos con \u201cgrupos kirchneristas\u201d, sin dar nombres ni ninguna otra precisi\u00f3n concreta. Sobre el caso puntual de Ismael Ram\u00edrez, sali\u00f3 a deslindar responsabilidades de la polic\u00eda, del mismo modo en que lo hace desde el primer momento con todos los casos en los que podr\u00edan verse involucradas las Fuerzas de Seguridad.<\/p>\n<p>&nbsp;<\/p>\n<p>Luego de pasar por los estudios de TN el martes por la noche y de recorrer un centro integral de monitoreo en Villa Martelli (Buenos Aires), Bullrich baj\u00f3 la postura oficial ante los casos que se produjeron en Mendoza, Jujuy, Chaco y algunos distritos bonaerenses. \u201cCuando hay alguien que es parte del problema y no de la soluci\u00f3n, lo denunciamos. Hoy hicimos dos denuncias sobre dos redes de WhatsApp donde creemos que hay dirigentes pol\u00edticos importantes, que son los que est\u00e1n manejando estas cosas. Ya lo vamos a decir cuando lo sepamos\u201d, dijo la funcionaria en televisi\u00f3n. Al parecer, el desconocimiento le dur\u00f3 poco. Luego de participar de la recorrida junto a Macri, el ministro de Transporte, Guillermo Dietrich, el jefe de Gobierno porte\u00f1o, Horacio Rodr\u00edguez Larreta y la gobernadora Mar\u00eda Eugenia Vidal, directamente apunt\u00f3 contra \u201creferentes del kirchnerismo\u201d.<\/p>\n<p>&nbsp;<\/p>\n<p>\u201cCuando recibimos la informaci\u00f3n de los grupos que en cada uno de los lugares intenta tener una participaci\u00f3n en los saqueos, siempre encontramos alg\u00fan referente del kirchnerismo. Esperemos que estos hayan sido hechos aislados, y que el mismo kirchnerismo ordene a su gente\u201d, dijo Bullrich en declaraciones a Radio La Red.<\/p>\n<p>&nbsp;<\/p>\n<p>En una breve conferencia de prensa luego de aquella recorrida en la que presentaron un nuevo plan de seguridad para el \u00c1rea Metropolitana de Buenos Aires (AMBA), la ministra insisti\u00f3 en el tema de los mensajes: \u201cEstamos investigando a todos y judicializando todos. Tenemos informaci\u00f3n de los mensajes de Whats App para ver qui\u00e9nes son los l\u00edderes y las conexiones que pueden tener estos se\u00f1ores. No queremos que quede en la nada. Si hubo responsables, la Justicia tiene que actuar\u201d.<\/p>\n<p>&nbsp;<\/p>\n<p>Sobre la situaci\u00f3n de los robos masivos a supermercados, Bullrich asegur\u00f3 que la alerta \u201cha bajado\u201d ayer producto de las denuncias que habr\u00edan realizado ciudadanos sobre la organizaci\u00f3n de saqueos. \u201cEn el d\u00eda de hoy (mi\u00e9rcoles) hubo much\u00edsimas llamadas a la l\u00ednea 134, a la vez que tambi\u00e9n eso ha hecho bajar la cantidad de grupos de WhatsApp que se estaban organizando y algunos se han cerrado\u201d, celebr\u00f3 la funcionaria, una de las 10 que se mantuvo en el puesto y cuyo ministerio no sufri\u00f3 cambios luego de la reestructuraci\u00f3n del Gabinete nacional. Durante el fin de semana hab\u00eda circulado la versi\u00f3n de que la cartera de Seguridad se fusionar\u00eda con la de Defensa, a cargo del radical Oscar Aguad, lo que finalmente fue descartado por oficialismo ayer al conocerse el decreto presidencial.<\/p>\n<p>&nbsp;<\/p>\n<p>Al ser consultada por la muerte de Ram\u00edrez, la ministra asegur\u00f3 que seg\u00fan la fiscal del caso, \u201cel proyectil era de un arma casera, tumbera, y el impacto fue antes de que llegara la polic\u00eda\u201d. La versi\u00f3n no coincide con el relato de otros testigos. Por otro lado, existieron casos en los que finalmente se descubri\u00f3 que las Fuerzas de Seguridad no utilizaron las armas reglamentarias para evitar ser inculpados.<\/p>\n<p>&nbsp;<\/p>\n<p>En l\u00ednea con la pol\u00edtica de mano dura y de respaldo a los casos de gatillo f\u00e1cil, Bullrich intent\u00f3 mostrar autoridad: \u201cEstamos firmes en que la Argentina sea un pa\u00eds con orden y convivencia\u201d, sentenci\u00f3.<\/p>\n<p>&nbsp;<\/p>\n<p>En el marco de la aguda crisis econ\u00f3mica, la disparada del d\u00f3lar y el aumento de las proyecciones de inflaci\u00f3n y de pobreza, la ministra intent\u00f3 mostrar como pol\u00edticas de contenci\u00f3n social los moderados paliativos que anunci\u00f3 el Presidente el \u00faltimo lunes. En sentido, asegur\u00f3, el Gobierno est\u00e1 trabajando sobre la AUH, sobre la canasta familiar y sobre precios cuidados. \u201cLes comunicamos a toda la sociedad que puede ir a cualquier dependencia del Gobierno y si tiene un problema va a tener una respuesta\u201d, afirm\u00f3. Sin embargo, la enorme mayor\u00eda de los movimientos sociales vienen reclamando que el Poder Ejecutivo declare la emergencia social, habitacional y en adicciones, entre otras medidas.<\/p>\n<p>&nbsp;<\/p>\n<p>\u201cSabemos que hay una situaci\u00f3n dif\u00edcil pero si alguien est\u00e1 organizando un saqueo, no es algo espont\u00e1neo, est\u00e1 planificado. Y por lo que vimos, los planifican en grupos de WhatsApp 10 d\u00edas antes de que ocurran. Entonces no hay una situaci\u00f3n de desesperaci\u00f3n\u201d, concluy\u00f3.<\/p>\n","protected":false},"excerpt":{"rendered":"<p>Tras la muerte del ni\u00f1o chaque\u00f1o durante un intento de robo masivo a un supermercado, la ministra de Seguridad, Patricia Bullrich, asegur\u00f3 que esos episodios son \u201cplanificados\u201d y tienen un objetivo pol\u00edtico. Adem\u00e1s, defendi\u00f3 a la polic\u00eda &nbsp; &nbsp; &nbsp; &nbsp; Luego de los saqueos que se produjeron en los \u00faltimos d\u00edas en distintas provincias del pa\u00eds, uno de ellos que termin\u00f3 en el asesinato de un ni\u00f1o chaque\u00f1o de 13 a\u00f1os, desde el gobierno de Mauricio Macri salieron a instalar la hip\u00f3tesis de que esos episodios fueron \u201cplanificados\u201d y&#8230;<\/p>\n","protected":false},"author":3,"featured_media":32756,"comment_status":"closed","ping_status":"closed","sticky":false,"template":"","format":"standard","meta":[],"categories":[18],"tags":[],"_links":{"self":[{"href":"https:\/\/www.actualidadadiario.com\/index.php\/wp-json\/wp\/v2\/posts\/32755"}],"collection":[{"href":"https:\/\/www.actualidadadiario.com\/index.php\/wp-json\/wp\/v2\/posts"}],"about":[{"href":"https:\/\/www.actualidadadiario.com\/index.php\/wp-json\/wp\/v2\/types\/post"}],"author":[{"embeddable":true,"href":"https:\/\/www.actualidadadiario.com\/index.php\/wp-json\/wp\/v2\/users\/3"}],"replies":[{"embeddable":true,"href":"https:\/\/www.actualidadadiario.com\/index.php\/wp-json\/wp\/v2\/comments?post=32755"}],"version-history":[{"count":1,"href":"https:\/\/www.actualidadadiario.com\/index.php\/wp-json\/wp\/v2\/posts\/32755\/revisions"}],"predecessor-version":[{"id":32757,"href":"https:\/\/www.actualidadadiario.com\/index.php\/wp-json\/wp\/v2\/posts\/32755\/revisions\/32757"}],"wp:featuredmedia":[{"embeddable":true,"href":"https:\/\/www.actualidadadiario.com\/index.php\/wp-json\/wp\/v2\/media\/32756"}],"wp:attachment":[{"href":"https:\/\/www.actualidadadiario.com\/index.php\/wp-json\/wp\/v2\/media?parent=32755"}],"wp:term":[{"taxonomy":"category","embeddable":true,"href":"https:\/\/www.actualidadadiario.com\/index.php\/wp-json\/wp\/v2\/categories?post=32755"},{"taxonomy":"post_tag","embeddable":true,"href":"https:\/\/www.actualidadadiario.com\/index.php\/wp-json\/wp\/v2\/tags?post=32755"}],"curies":[{"name":"wp","href":"https:\/\/api.w.org\/{rel}","templated":true}]}}