{"id":32752,"date":"2018-09-06T10:44:59","date_gmt":"2018-09-06T13:44:59","guid":{"rendered":"https:\/\/www.actualidadadiario.com\/?p=32752"},"modified":"2018-11-06T19:38:18","modified_gmt":"2018-11-06T22:38:18","slug":"el-gobierno-creo-la-secretaria-de-comercio-interior-para-seguir-el-consumo-masivo","status":"publish","type":"post","link":"https:\/\/www.actualidadadiario.com\/index.php\/2018\/09\/06\/el-gobierno-creo-la-secretaria-de-comercio-interior-para-seguir-el-consumo-masivo\/","title":{"rendered":"El Gobierno cre\u00f3 la secretar\u00eda de Comercio Interior para seguir el consumo masivo"},"content":{"rendered":"<p><em><strong>La Secretar\u00eda de Comercio se divide en dos. Por un lado Exterior con Miguel Braun y por el otro la de Interior con Ignacio Werner<\/strong><\/em><\/p>\n<p>&nbsp;<\/p>\n<p>&nbsp;<\/p>\n<p>&nbsp;<\/p>\n<p>El Gobierno cre\u00f3 la secretar\u00eda de Comercio Interior, para apuntalar el control del consumo masivo y darle mayor trascendencia a Precios Cuidados. De esta manera, el organismo a cargo de Miguel Braun, se escindir\u00e1 en dos: el funcionario quedar\u00e1 a cargo de la Secretar\u00eda de Comercio Exterior, mientras que el actual subsecretario Ignacio Werner ser\u00e1 ascendido y manejar\u00e1 la Secretar\u00eda de Comercio Interior, inform\u00f3 el portal Todo Noticias.<\/p>\n<p>&nbsp;<\/p>\n<p>Werner est\u00e1 al frente de las negociaciones para renovar Precios Cuidados y tiene a su cargo el programa de ferias itinerantes &#8220;Mercado en tu barrio&#8221;, que busca acercar a comerciantes locales con vecinos de sus distritos en todo el pa\u00eds. La decisi\u00f3n se enmarca en la preocupaci\u00f3n del presidente Mauricio Macri por la escalada inflacionaria que se aceler\u00f3 muy fuerte con la \u00faltima devaluaci\u00f3n del peso sobre el d\u00f3lar norteamericano.<\/p>\n<p>&nbsp;<\/p>\n<p>Braun buscar\u00e1 profundizar las exportaciones. Werner es subsecretario desde junio de 2017, cuando reemplaz\u00f3 a Javier Tizado, quien desembarc\u00f3 en la provincia de Buenos Aires como ministro de Producci\u00f3n. Abogado egresado de la UBA, tuvo un paso por el ministerio de Desarrollo de la Ciudad de Buenos Aires con Francisco Cabrera. Werner mantendr\u00e1 a su cargo las direcciones de Defensa del Consumidor y de Lealtad Comercial, que tienen bajo su \u00f3rbita la protecci\u00f3n de los derechos de los consumidores.<\/p>\n","protected":false},"excerpt":{"rendered":"<p>La Secretar\u00eda de Comercio se divide en dos. Por un lado Exterior con Miguel Braun y por el otro la de Interior con Ignacio Werner &nbsp; &nbsp; &nbsp; El Gobierno cre\u00f3 la secretar\u00eda de Comercio Interior, para apuntalar el control del consumo masivo y darle mayor trascendencia a Precios Cuidados. De esta manera, el organismo a cargo de Miguel Braun, se escindir\u00e1 en dos: el funcionario quedar\u00e1 a cargo de la Secretar\u00eda de Comercio Exterior, mientras que el actual subsecretario Ignacio Werner ser\u00e1 ascendido y manejar\u00e1 la Secretar\u00eda de Comercio&#8230;<\/p>\n","protected":false},"author":3,"featured_media":32753,"comment_status":"closed","ping_status":"closed","sticky":false,"template":"","format":"standard","meta":[],"categories":[18],"tags":[],"_links":{"self":[{"href":"https:\/\/www.actualidadadiario.com\/index.php\/wp-json\/wp\/v2\/posts\/32752"}],"collection":[{"href":"https:\/\/www.actualidadadiario.com\/index.php\/wp-json\/wp\/v2\/posts"}],"about":[{"href":"https:\/\/www.actualidadadiario.com\/index.php\/wp-json\/wp\/v2\/types\/post"}],"author":[{"embeddable":true,"href":"https:\/\/www.actualidadadiario.com\/index.php\/wp-json\/wp\/v2\/users\/3"}],"replies":[{"embeddable":true,"href":"https:\/\/www.actualidadadiario.com\/index.php\/wp-json\/wp\/v2\/comments?post=32752"}],"version-history":[{"count":1,"href":"https:\/\/www.actualidadadiario.com\/index.php\/wp-json\/wp\/v2\/posts\/32752\/revisions"}],"predecessor-version":[{"id":32754,"href":"https:\/\/www.actualidadadiario.com\/index.php\/wp-json\/wp\/v2\/posts\/32752\/revisions\/32754"}],"wp:featuredmedia":[{"embeddable":true,"href":"https:\/\/www.actualidadadiario.com\/index.php\/wp-json\/wp\/v2\/media\/32753"}],"wp:attachment":[{"href":"https:\/\/www.actualidadadiario.com\/index.php\/wp-json\/wp\/v2\/media?parent=32752"}],"wp:term":[{"taxonomy":"category","embeddable":true,"href":"https:\/\/www.actualidadadiario.com\/index.php\/wp-json\/wp\/v2\/categories?post=32752"},{"taxonomy":"post_tag","embeddable":true,"href":"https:\/\/www.actualidadadiario.com\/index.php\/wp-json\/wp\/v2\/tags?post=32752"}],"curies":[{"name":"wp","href":"https:\/\/api.w.org\/{rel}","templated":true}]}}