{"id":32747,"date":"2018-09-06T10:43:28","date_gmt":"2018-09-06T13:43:28","guid":{"rendered":"https:\/\/www.actualidadadiario.com\/?p=32747"},"modified":"2018-11-06T19:38:18","modified_gmt":"2018-11-06T22:38:18","slug":"presupuesto-2019-los-gobernadores-se-reuniran-con-macri-el-proximo-martes","status":"publish","type":"post","link":"https:\/\/www.actualidadadiario.com\/index.php\/2018\/09\/06\/presupuesto-2019-los-gobernadores-se-reuniran-con-macri-el-proximo-martes\/","title":{"rendered":"Presupuesto 2019: los gobernadores se reunir\u00e1n con Macri el pr\u00f3ximo martes"},"content":{"rendered":"<p><em><strong>Antes del encuentro, el ministro Rogelio Frigerio se reunir\u00e1 con los mandatarios provinciales opositores para llegar a un acuerdo<\/strong><\/em><\/p>\n<p>&nbsp;<\/p>\n<p>&nbsp;<\/p>\n<p>&nbsp;<\/p>\n<p>El presidente Mauricio Macri recibir\u00e1 la semana pr\u00f3xima en la Casa Rosada a los gobernadores de las distintas provincias para cerrar las negociaciones por el Presupuesto 2019, cuyos detalles t\u00e9cnicos ser\u00edan definidos este jueves durante una nueva reuni\u00f3n del Gobierno con ministros de Econom\u00edas de los distritos.<\/p>\n<p>&nbsp;<\/p>\n<p>Tras el reclamo de di\u00e1logo de gobernadores peronistas y ante la necesidad de enviar un fuerte mensaje pol\u00edtico-econ\u00f3mico a los mercados, el jefe de Estado se reunir\u00e1 el pr\u00f3ximo martes con los 24 mandatarios provinciales para darle un cierre formal a las conversaciones que llev\u00f3 adelante el ministro del Interior, Rogelio Frigerio.<\/p>\n<p>&nbsp;<\/p>\n<p>Antes del encuentro en la Casa de Gobierno, los gobernadores opositores adelantaron que mantendr\u00e1n una reuni\u00f3n para unificar su postura frente al Ejecutivo y para evaluar la situaci\u00f3n de crisis que est\u00e1 viviendo el pa\u00eds en materia econ\u00f3mica.<\/p>\n<p>&nbsp;<\/p>\n<p>Del encuentro del martes formar\u00e1n parte el jefe de Gabinete, Marcos Pe\u00f1a; el ministro del Interior Rogelio Frigerio; y el ministro de Econom\u00eda, Nicol\u00e1s Dujovne. La intenci\u00f3n es negociar con los mandatarios las principales pautas para sellar un acuerdo y enviar el presupuesto al Congreso antes de que finalice septiembre.<\/p>\n<p>&nbsp;<\/p>\n<p>&nbsp;<\/p>\n<p><strong>Previa<\/strong><\/p>\n<p>En ese marco, el pasado martes el titular de la cartera pol\u00edtica continu\u00f3 con la ronda de reuniones con representantes de las provincias para avanzar en un borrador del Presupuesto 2019. &#8220;Seguimos trabajando en la negociaci\u00f3n por el proyecto de Ley de Presupuesto para alcanzar un consenso previo. Estamos en el final de ese proceso, el jueves nos vamos a volver a reunir y seguramente ser\u00e1 el \u00faltimo encuentro antes de que Hacienda elabore el proyecto que ser\u00e1 enviado al Congreso&#8221;, sostuvo Frigerio tras reunirse con los ministros de Econom\u00eda provinciales.<\/p>\n<p>&nbsp;<\/p>\n<p>Durante el encuentro en la Casa Rosada, los representantes de las carteras econ\u00f3micas de los distritos plantearon la necesidad de reducir el d\u00e9ficit no s\u00f3lo a trav\u00e9s del recorte de gastos, sino tambi\u00e9n por medio del incremento de los ingresos.<\/p>\n<p>&nbsp;<\/p>\n<p>Respecto de ese punto, los funcionarios provinciales reclamaron que se estudien las exenciones vigentes del impuesto de ganancias, como a los integrantes del Poder Judicial, y tambi\u00e9n sobre la modalidad vigente de Bienes Personales y la posibilidad de establecer una &#8220;tasa m\u00e1s alta a los activos fuera del pa\u00eds&#8221;.<\/p>\n<p>&nbsp;<\/p>\n<p>&#8220;Esto deber\u00eda ir junto con el Presupuesto. Son dos temas importantes no s\u00f3lo por los recursos que pueden generar, sino tambi\u00e9n porque son los impuestos m\u00e1s progresivos que tiene la Argentina&#8221;, remarc\u00f3 el ministro de Finanzas de C\u00f3rdoba, Osvaldo Giordano, en declaraciones a periodistas acreditados en la Casa Rosada.<\/p>\n<p>&nbsp;<\/p>\n<p>El representante del gobernador Juan Schiaretti se mostr\u00f3 &#8220;muy optimista&#8221; de cara a la reuni\u00f3n que nuevamente mantendr\u00e1n el pr\u00f3ximo jueves y destac\u00f3 que el &#8220;objetivo&#8221; para ese encuentro es cerrar el acuerdo para que luego el Ejecutivo proceda al env\u00edo del proyecto de Presupuesto 2019 al Congreso.<\/p>\n","protected":false},"excerpt":{"rendered":"<p>Antes del encuentro, el ministro Rogelio Frigerio se reunir\u00e1 con los mandatarios provinciales opositores para llegar a un acuerdo &nbsp; &nbsp; &nbsp; El presidente Mauricio Macri recibir\u00e1 la semana pr\u00f3xima en la Casa Rosada a los gobernadores de las distintas provincias para cerrar las negociaciones por el Presupuesto 2019, cuyos detalles t\u00e9cnicos ser\u00edan definidos este jueves durante una nueva reuni\u00f3n del Gobierno con ministros de Econom\u00edas de los distritos. &nbsp; Tras el reclamo de di\u00e1logo de gobernadores peronistas y ante la necesidad de enviar un fuerte mensaje pol\u00edtico-econ\u00f3mico a los&#8230;<\/p>\n","protected":false},"author":3,"featured_media":20825,"comment_status":"closed","ping_status":"closed","sticky":false,"template":"","format":"standard","meta":[],"categories":[9],"tags":[],"_links":{"self":[{"href":"https:\/\/www.actualidadadiario.com\/index.php\/wp-json\/wp\/v2\/posts\/32747"}],"collection":[{"href":"https:\/\/www.actualidadadiario.com\/index.php\/wp-json\/wp\/v2\/posts"}],"about":[{"href":"https:\/\/www.actualidadadiario.com\/index.php\/wp-json\/wp\/v2\/types\/post"}],"author":[{"embeddable":true,"href":"https:\/\/www.actualidadadiario.com\/index.php\/wp-json\/wp\/v2\/users\/3"}],"replies":[{"embeddable":true,"href":"https:\/\/www.actualidadadiario.com\/index.php\/wp-json\/wp\/v2\/comments?post=32747"}],"version-history":[{"count":1,"href":"https:\/\/www.actualidadadiario.com\/index.php\/wp-json\/wp\/v2\/posts\/32747\/revisions"}],"predecessor-version":[{"id":32748,"href":"https:\/\/www.actualidadadiario.com\/index.php\/wp-json\/wp\/v2\/posts\/32747\/revisions\/32748"}],"wp:featuredmedia":[{"embeddable":true,"href":"https:\/\/www.actualidadadiario.com\/index.php\/wp-json\/wp\/v2\/media\/20825"}],"wp:attachment":[{"href":"https:\/\/www.actualidadadiario.com\/index.php\/wp-json\/wp\/v2\/media?parent=32747"}],"wp:term":[{"taxonomy":"category","embeddable":true,"href":"https:\/\/www.actualidadadiario.com\/index.php\/wp-json\/wp\/v2\/categories?post=32747"},{"taxonomy":"post_tag","embeddable":true,"href":"https:\/\/www.actualidadadiario.com\/index.php\/wp-json\/wp\/v2\/tags?post=32747"}],"curies":[{"name":"wp","href":"https:\/\/api.w.org\/{rel}","templated":true}]}}