{"id":32744,"date":"2018-09-06T10:41:58","date_gmt":"2018-09-06T13:41:58","guid":{"rendered":"https:\/\/www.actualidadadiario.com\/?p=32744"},"modified":"2018-11-06T19:38:18","modified_gmt":"2018-11-06T22:38:18","slug":"cambiemos-sigue-contratando-personal-jerarquico","status":"publish","type":"post","link":"https:\/\/www.actualidadadiario.com\/index.php\/2018\/09\/06\/cambiemos-sigue-contratando-personal-jerarquico\/","title":{"rendered":"Cambiemos sigue contratando personal jer\u00e1rquico"},"content":{"rendered":"<p><em><strong>El anuncio del presidente Mauricio Macri fue contundente: \u201cNo se contratar\u00e1 m\u00e1s personal hasta fin de a\u00f1o en el Estado\u201d. Aunque la afirmaci\u00f3n fue categ\u00f3rica, el mismo mandatario autoriza designaciones a diario<\/strong><\/em><\/p>\n<p>&nbsp;<\/p>\n<p>&nbsp;<\/p>\n<p>&nbsp;<\/p>\n<p>&nbsp;<\/p>\n<p>El anuncio del presidente Mauricio Macri fue contundente: \u201cNo se contratar\u00e1 m\u00e1s personal hasta fin de a\u00f1o en el Estado\u201d. Aunque la afirmaci\u00f3n fue categ\u00f3rica, el mismo mandatario autoriza designaciones a diario, que sorprendentemente son siempre de personal jer\u00e1rquico. \u00bfMacri habr\u00e1 querido decir que no se podr\u00edan contratar trabajadores rasos, pero que las normativas no aplican para los empleados de mayor rango?<\/p>\n<p>&nbsp;<\/p>\n<p>En ese sentido, hoy se public\u00f3 en el Bolet\u00edn Oficial la designaci\u00f3n de Mar\u00eda Esther Berdasco, como directora general de Planificaci\u00f3n Estrat\u00e9gica de la Secretar\u00eda de Gesti\u00f3n Institucional, perteneciente a la Secretar\u00eda General de la presidencia de la Naci\u00f3n. Mientras que autorizan la contrataci\u00f3n tambi\u00e9n de Sebasti\u00e1n Andr\u00e9s Scocco, que estar\u00e1 al frente de la Direcci\u00f3n de Gesti\u00f3n Ambiental y Desarrollo Sustentable.<\/p>\n<p>&nbsp;<\/p>\n<p>Asimismo, tambi\u00e9n procedieron a la designaci\u00f3n de Mar\u00eda Luz Bambaci como Directora de Fiscalizaci\u00f3n de la Direcci\u00f3n Nacional del Registro Nacional de las Personas, organismo descentralizado actuante en la \u00f3rbita del Ministerio del Interior, Obras P\u00fablicas y Vivienda, otorg\u00e1ndole el cargo de Ejecutiva Nivel II, con car\u00e1cter de excepci\u00f3n por no reunir los requisitos m\u00ednimos establecidos en el art\u00edculo 14 del Sistema Nacional de Empleo P\u00fablico.<\/p>\n<p>&nbsp;<\/p>\n<p>Justo en una semana en la que la palabra \u201crecorte\u201d son\u00f3 en cada uno de los ministerios, Macri autoriz\u00f3 tambi\u00e9n el contrato del agrimensor Diego Alejandro Pi\u00f1on en el cargo de Director General de Servicios Geogr\u00e1ficos del Instituto Geogr\u00e1fico Nacional, organismo descentralizado en el \u00e1mbito del Ministerio de Defensa.<\/p>\n<p>&nbsp;<\/p>\n<p>Incluso hoy tuvieron que recurrir a la excepci\u00f3n de contrataci\u00f3n de personas de nacionalidad norteamericana para poder contratar al agente Federico Guillermo Aurelio Di Paola, que desempe\u00f1a funciones de Asesor Especializado en Planeamiento Estrat\u00e9gico en la Secretar\u00eda de Coordinaci\u00f3n Interministerial. Al tiempo que contrataron tambi\u00e9n a un nuevo director de Desarrollo de Infraestructura Local.<\/p>\n<p>&nbsp;<\/p>\n<p>En una jornada intensa en las designaciones, se design\u00f3 al abogado Pablo Patricio Pe\u00f1a en el cargo de Director de Asesoramiento Jur\u00eddico Especializado de la Direcci\u00f3n General de Asuntos Jur\u00eddicos de la subsecretar\u00eda de Coordinaci\u00f3n Administrativa del Ministerio de Agoindustria, hoy degradado a secretar\u00eda. En tanto, se contrat\u00f3 tambi\u00e9n a la ingeniera agr\u00f3noma Alejandra D\u00e9vora Obrasch como Director de Sala B del Tribunal de Tasaciones de la Naci\u00f3n.<\/p>\n","protected":false},"excerpt":{"rendered":"<p>El anuncio del presidente Mauricio Macri fue contundente: \u201cNo se contratar\u00e1 m\u00e1s personal hasta fin de a\u00f1o en el Estado\u201d. Aunque la afirmaci\u00f3n fue categ\u00f3rica, el mismo mandatario autoriza designaciones a diario &nbsp; &nbsp; &nbsp; &nbsp; El anuncio del presidente Mauricio Macri fue contundente: \u201cNo se contratar\u00e1 m\u00e1s personal hasta fin de a\u00f1o en el Estado\u201d. Aunque la afirmaci\u00f3n fue categ\u00f3rica, el mismo mandatario autoriza designaciones a diario, que sorprendentemente son siempre de personal jer\u00e1rquico. \u00bfMacri habr\u00e1 querido decir que no se podr\u00edan contratar trabajadores rasos, pero que las normativas&#8230;<\/p>\n","protected":false},"author":3,"featured_media":32745,"comment_status":"closed","ping_status":"closed","sticky":false,"template":"","format":"standard","meta":[],"categories":[18],"tags":[],"_links":{"self":[{"href":"https:\/\/www.actualidadadiario.com\/index.php\/wp-json\/wp\/v2\/posts\/32744"}],"collection":[{"href":"https:\/\/www.actualidadadiario.com\/index.php\/wp-json\/wp\/v2\/posts"}],"about":[{"href":"https:\/\/www.actualidadadiario.com\/index.php\/wp-json\/wp\/v2\/types\/post"}],"author":[{"embeddable":true,"href":"https:\/\/www.actualidadadiario.com\/index.php\/wp-json\/wp\/v2\/users\/3"}],"replies":[{"embeddable":true,"href":"https:\/\/www.actualidadadiario.com\/index.php\/wp-json\/wp\/v2\/comments?post=32744"}],"version-history":[{"count":1,"href":"https:\/\/www.actualidadadiario.com\/index.php\/wp-json\/wp\/v2\/posts\/32744\/revisions"}],"predecessor-version":[{"id":32746,"href":"https:\/\/www.actualidadadiario.com\/index.php\/wp-json\/wp\/v2\/posts\/32744\/revisions\/32746"}],"wp:featuredmedia":[{"embeddable":true,"href":"https:\/\/www.actualidadadiario.com\/index.php\/wp-json\/wp\/v2\/media\/32745"}],"wp:attachment":[{"href":"https:\/\/www.actualidadadiario.com\/index.php\/wp-json\/wp\/v2\/media?parent=32744"}],"wp:term":[{"taxonomy":"category","embeddable":true,"href":"https:\/\/www.actualidadadiario.com\/index.php\/wp-json\/wp\/v2\/categories?post=32744"},{"taxonomy":"post_tag","embeddable":true,"href":"https:\/\/www.actualidadadiario.com\/index.php\/wp-json\/wp\/v2\/tags?post=32744"}],"curies":[{"name":"wp","href":"https:\/\/api.w.org\/{rel}","templated":true}]}}