{"id":32733,"date":"2018-09-06T10:38:52","date_gmt":"2018-09-06T13:38:52","guid":{"rendered":"https:\/\/www.actualidadadiario.com\/?p=32733"},"modified":"2018-11-06T19:38:18","modified_gmt":"2018-11-06T22:38:18","slug":"ministros-de-desarrollo-social-piden-la-emergencia-alimentaria","status":"publish","type":"post","link":"https:\/\/www.actualidadadiario.com\/index.php\/2018\/09\/06\/ministros-de-desarrollo-social-piden-la-emergencia-alimentaria\/","title":{"rendered":"Ministros de Desarrollo Social piden la emergencia alimentaria"},"content":{"rendered":"<p><em><strong>Los ministros de Desarrollo de gran parte de las provincias ayer sacaron un comunicado con una advertencia muy grave: \u201cPidieron que se declare la emergencia alimentaria a nivel nacional\u201d<\/strong><\/em><\/p>\n<p>&nbsp;<\/p>\n<p>&nbsp;<\/p>\n<p>&nbsp;<\/p>\n<p>&nbsp;<\/p>\n<p>&nbsp;<\/p>\n<p>Los ministros de Desarrollo de gran parte de las provincias ayer sacaron un comunicado con una advertencia muy grave: \u201cPidieron que se declare la emergencia alimentaria a nivel nacional\u201d. \u201cHemos conformado una liga de ministros que acompa\u00f1a a la liga de gobernadores, aunque no est\u00e1n todos los del pa\u00eds sino los que han querido sumarse\u201d, aclar\u00f3 Gabriel Yedlin, ministro de Desarrollo Social de Tucum\u00e1n.<\/p>\n<p>&nbsp;<\/p>\n<p>\u201cEstamos todos muy preocupados porque la gente est\u00e1 con mucha dificultad. Toda la estructura de gobierno tiene que entender que en la agenda social, el tema m\u00e1s importante es garantizar la seguridad alimentaria. Es un momento de crisis pol\u00edtica, econ\u00f3mica y social, y no hay manera que un Ministerio de Desarrollo Social, ni de provincia ni de naci\u00f3n, pueda sostener a los grupos m\u00e1s vulnerables si no hay un modelo econ\u00f3mico que ayude\u201d, lanz\u00f3.<\/p>\n<p>&nbsp;<\/p>\n<p>Y, durante una entrevista concedida hoy al programa radial conducido por Gustavo Sylvestre, destac\u00f3: \u201cToda herramienta que se pueda utilizar para que haya m\u00e1s recursos hay que usarla. La ley de emergencia alimentaria est\u00e1 parada en el Congreso hace a\u00f1os. Necesitamos que haya m\u00e1s recursos. Hay que entender que la asignaci\u00f3n universal por hijo es una herramienta permeable, no discrecional, autom\u00e1tica, una herramienta de protecci\u00f3n del hambre, y ha quedado desactualizada\u201d.<\/p>\n<p>&nbsp;<\/p>\n<p>En ese sentido, Yedlin aclar\u00f3 que \u201cla indigencia es cuando no alcanza para comer en las casas, y la AUH es una herramienta que se podr\u00eda fondear mejor\u201d. \u201cAhora van a dar dos bonos, nos enteramos por los medios de comunicaci\u00f3n, y nosotros sugerimos que incorporen un aumento en el monto de la asignaci\u00f3n. Por otro lado, hay que poner precios especiales en algunos productos para que la gente los pueda comprar. Que los Precios Cuidados existan y que existan los productos\u201d, destac\u00f3.<\/p>\n<p>&nbsp;<\/p>\n<p>En tanto, el titular de la cartera provincial remarc\u00f3 que una de las principales dificultades que manejan es que no les vender\u00edan alimentos. \u201cPara nosotros, que tenemos que comprar alimentos en escala para distribuir en comedores y cocinas comunitarias, nuestra dificultad de hoy es que no nos venden los alimentos. Uno lo entiende porque ellos tienen que poder volver a comprar para volver a perder, pero es terrible\u201d, concluy\u00f3.<\/p>\n","protected":false},"excerpt":{"rendered":"<p>Los ministros de Desarrollo de gran parte de las provincias ayer sacaron un comunicado con una advertencia muy grave: \u201cPidieron que se declare la emergencia alimentaria a nivel nacional\u201d &nbsp; &nbsp; &nbsp; &nbsp; &nbsp; Los ministros de Desarrollo de gran parte de las provincias ayer sacaron un comunicado con una advertencia muy grave: \u201cPidieron que se declare la emergencia alimentaria a nivel nacional\u201d. \u201cHemos conformado una liga de ministros que acompa\u00f1a a la liga de gobernadores, aunque no est\u00e1n todos los del pa\u00eds sino los que han querido sumarse\u201d, aclar\u00f3&#8230;<\/p>\n","protected":false},"author":3,"featured_media":32734,"comment_status":"closed","ping_status":"closed","sticky":false,"template":"","format":"standard","meta":[],"categories":[2],"tags":[],"_links":{"self":[{"href":"https:\/\/www.actualidadadiario.com\/index.php\/wp-json\/wp\/v2\/posts\/32733"}],"collection":[{"href":"https:\/\/www.actualidadadiario.com\/index.php\/wp-json\/wp\/v2\/posts"}],"about":[{"href":"https:\/\/www.actualidadadiario.com\/index.php\/wp-json\/wp\/v2\/types\/post"}],"author":[{"embeddable":true,"href":"https:\/\/www.actualidadadiario.com\/index.php\/wp-json\/wp\/v2\/users\/3"}],"replies":[{"embeddable":true,"href":"https:\/\/www.actualidadadiario.com\/index.php\/wp-json\/wp\/v2\/comments?post=32733"}],"version-history":[{"count":1,"href":"https:\/\/www.actualidadadiario.com\/index.php\/wp-json\/wp\/v2\/posts\/32733\/revisions"}],"predecessor-version":[{"id":32735,"href":"https:\/\/www.actualidadadiario.com\/index.php\/wp-json\/wp\/v2\/posts\/32733\/revisions\/32735"}],"wp:featuredmedia":[{"embeddable":true,"href":"https:\/\/www.actualidadadiario.com\/index.php\/wp-json\/wp\/v2\/media\/32734"}],"wp:attachment":[{"href":"https:\/\/www.actualidadadiario.com\/index.php\/wp-json\/wp\/v2\/media?parent=32733"}],"wp:term":[{"taxonomy":"category","embeddable":true,"href":"https:\/\/www.actualidadadiario.com\/index.php\/wp-json\/wp\/v2\/categories?post=32733"},{"taxonomy":"post_tag","embeddable":true,"href":"https:\/\/www.actualidadadiario.com\/index.php\/wp-json\/wp\/v2\/tags?post=32733"}],"curies":[{"name":"wp","href":"https:\/\/api.w.org\/{rel}","templated":true}]}}