{"id":32730,"date":"2018-09-06T10:38:00","date_gmt":"2018-09-06T13:38:00","guid":{"rendered":"https:\/\/www.actualidadadiario.com\/?p=32730"},"modified":"2018-11-06T19:38:18","modified_gmt":"2018-11-06T22:38:18","slug":"el-subsidio-social-para-tarifas-electricas-quedara-sin-efecto-a-partir-de-2019","status":"publish","type":"post","link":"https:\/\/www.actualidadadiario.com\/index.php\/2018\/09\/06\/el-subsidio-social-para-tarifas-electricas-quedara-sin-efecto-a-partir-de-2019\/","title":{"rendered":"El subsidio social para tarifas el\u00e9ctricas quedar\u00e1 sin efecto a partir de 2019"},"content":{"rendered":"<p><em><strong>La decisi\u00f3n est\u00e1 contenida en la resoluci\u00f3n 122 publicada este mi\u00e9rcoles en el Bolet\u00edn Oficial. La llamada Tarifa Social por consumos de hasta 150 kw mensuales, reconoc\u00eda a hogares o personas con necesidades sociales<\/strong><\/em><\/p>\n<p>&nbsp;<\/p>\n<p>&nbsp;<\/p>\n<p>&nbsp;<\/p>\n<p>El gobierno nacional dejar\u00e1 sin efecto, a partir del 1 de enero pr\u00f3ximo, la aplicaci\u00f3n de la llamada Tarifa Social por consumos de hasta 150 kw mensuales que reconoc\u00eda a hogares o personas con necesidades sociales. La decisi\u00f3n que anunci\u00f3 en t\u00e9rminos generales el presidente Mauricio Macri el pasado lunes y que ven\u00eda siendo objeto de negociaciones con los gobernadores para el presupuesto 2019 se concret\u00f3 mediante la resoluci\u00f3n 122 publicada este mi\u00e9rcoles en el Bolet\u00edn Oficial.<\/p>\n<p>&nbsp;<\/p>\n<p>&#8220;Establ\u00e9cese que a partir del 1 de enero de 2019, el r\u00e9gimen de Tarifa Social establecido en virtud de lo previsto en la Resoluci\u00f3n N\u00ba 6 del 25 de enero de 2016 del ex Ministerio de Energ\u00eda y Miner\u00eda, sus modificatorias y complementarias, para los beneficiarios que se encuentran domiciliados en las distintas jurisdicciones del servicio p\u00fablico de distribuci\u00f3n de electricidad, ser\u00e1 aplicable por los mecanismos que se instrumenten en cada una de las provincias y la Ciudad Aut\u00f3noma de Buenos Aires que adhieran a dicho r\u00e9gimen y que involucrar\u00e1 la asunci\u00f3n de su financiamiento y la coordinaci\u00f3n con los agentes distribuidores y\/o prestadores del servicio p\u00fablico de distribuci\u00f3n de cada jurisdicci\u00f3n, los respectivos entes reguladores locales y el Ente Nacional Regulador de la Electricidad (ENRE)&#8221; dice el instrumento acompa\u00f1ado por amplios fundamentos.<\/p>\n<p>&nbsp;<\/p>\n<p>En los considerandos se recuerda que al establecerse el r\u00e9gimen tarifario para el verano 2016 &#8220;se tuvo en especial consideraci\u00f3n la trascendencia social del servicio el\u00e9ctrico, en el entendimiento de que parte de la demanda de usuarios finales carece de capacidad de pago suficiente para afrontar los precios establecidos con car\u00e1cter general&#8221;. As\u00ed la tarifa social determin\u00f3 que los beneficiarios no pagaban los primeros 150 kw mensuales y ten\u00edan costos reducidos cuando superaban ese umbral siempre y cuando su consumo sea menor o igual al registrado el mismo mes del a\u00f1o anterior.<\/p>\n<p>&nbsp;<\/p>\n<p>El Tesoro Nacional se hizo cargo del pago a los prestadores el\u00e9ctricos de esa tarifa social que en el caso de Santa Fe alcanza a 210.000 usuarios residenciales.<\/p>\n<p>&nbsp;<\/p>\n<p>La resoluci\u00f3n se\u00f1ala que &#8220;ha sido decisi\u00f3n pol\u00edtica del Gobierno Nacional que el proceso de normalizaci\u00f3n del precio mayorista de la energ\u00eda el\u00e9ctrica iniciado en el 2016 contemplara la puesta en funcionamiento de la Tarifa Social, cuyo sostenimiento supuso un sustancial aporte del Tesoro Nacional, independientemente de la jurisdicci\u00f3n en la que se encuentren los usuarios beneficiarios del referido r\u00e9gimen&#8221;. Acota que &#8220;para la continuidad del beneficio de la Tarifa Social resulta indispensable la contribuci\u00f3n de las provincias y la Ciudad Aut\u00f3noma de Buenos Aires en el financiamiento de su aplicaci\u00f3n en relaci\u00f3n con los usuarios domiciliados en dichas jurisdicciones, mediante los mecanismos que oportunamente se implementen en cada una de ellas&#8221;.<\/p>\n","protected":false},"excerpt":{"rendered":"<p>La decisi\u00f3n est\u00e1 contenida en la resoluci\u00f3n 122 publicada este mi\u00e9rcoles en el Bolet\u00edn Oficial. La llamada Tarifa Social por consumos de hasta 150 kw mensuales, reconoc\u00eda a hogares o personas con necesidades sociales &nbsp; &nbsp; &nbsp; El gobierno nacional dejar\u00e1 sin efecto, a partir del 1 de enero pr\u00f3ximo, la aplicaci\u00f3n de la llamada Tarifa Social por consumos de hasta 150 kw mensuales que reconoc\u00eda a hogares o personas con necesidades sociales. La decisi\u00f3n que anunci\u00f3 en t\u00e9rminos generales el presidente Mauricio Macri el pasado lunes y que ven\u00eda&#8230;<\/p>\n","protected":false},"author":3,"featured_media":32731,"comment_status":"closed","ping_status":"closed","sticky":false,"template":"","format":"standard","meta":[],"categories":[9],"tags":[],"_links":{"self":[{"href":"https:\/\/www.actualidadadiario.com\/index.php\/wp-json\/wp\/v2\/posts\/32730"}],"collection":[{"href":"https:\/\/www.actualidadadiario.com\/index.php\/wp-json\/wp\/v2\/posts"}],"about":[{"href":"https:\/\/www.actualidadadiario.com\/index.php\/wp-json\/wp\/v2\/types\/post"}],"author":[{"embeddable":true,"href":"https:\/\/www.actualidadadiario.com\/index.php\/wp-json\/wp\/v2\/users\/3"}],"replies":[{"embeddable":true,"href":"https:\/\/www.actualidadadiario.com\/index.php\/wp-json\/wp\/v2\/comments?post=32730"}],"version-history":[{"count":1,"href":"https:\/\/www.actualidadadiario.com\/index.php\/wp-json\/wp\/v2\/posts\/32730\/revisions"}],"predecessor-version":[{"id":32732,"href":"https:\/\/www.actualidadadiario.com\/index.php\/wp-json\/wp\/v2\/posts\/32730\/revisions\/32732"}],"wp:featuredmedia":[{"embeddable":true,"href":"https:\/\/www.actualidadadiario.com\/index.php\/wp-json\/wp\/v2\/media\/32731"}],"wp:attachment":[{"href":"https:\/\/www.actualidadadiario.com\/index.php\/wp-json\/wp\/v2\/media?parent=32730"}],"wp:term":[{"taxonomy":"category","embeddable":true,"href":"https:\/\/www.actualidadadiario.com\/index.php\/wp-json\/wp\/v2\/categories?post=32730"},{"taxonomy":"post_tag","embeddable":true,"href":"https:\/\/www.actualidadadiario.com\/index.php\/wp-json\/wp\/v2\/tags?post=32730"}],"curies":[{"name":"wp","href":"https:\/\/api.w.org\/{rel}","templated":true}]}}