{"id":32727,"date":"2018-09-06T10:37:16","date_gmt":"2018-09-06T13:37:16","guid":{"rendered":"https:\/\/www.actualidadadiario.com\/?p=32727"},"modified":"2018-11-06T19:38:18","modified_gmt":"2018-11-06T22:38:18","slug":"este-jueves-lanzan-un-nuevo-listado-de-precios-cuidados-con-la-adhesion-de-los-autoservicios-chinos","status":"publish","type":"post","link":"https:\/\/www.actualidadadiario.com\/index.php\/2018\/09\/06\/este-jueves-lanzan-un-nuevo-listado-de-precios-cuidados-con-la-adhesion-de-los-autoservicios-chinos\/","title":{"rendered":"Este jueves lanzan un nuevo listado de \u201cPrecios Cuidados\u201d con la adhesi\u00f3n de los autoservicios chinos"},"content":{"rendered":"<p><em><strong>Macri lider\u00f3 las reuniones con el nuevo equipo de Comercio Interior. Estar\u00e1n los alimentos de la canasta b\u00e1sica. El programa ya no alcanza s\u00f3lo a los supermercados<\/strong><\/em><\/p>\n<p>&nbsp;<\/p>\n<p>&nbsp;<\/p>\n<p>&nbsp;<\/p>\n<p>&nbsp;<\/p>\n<p>&nbsp;<\/p>\n<p>En medio de la incertidumbre cambiaria y tras los anuncios sobre las remarcaciones de precios que amenazan con instalarse en las g\u00f3ndolas ante la escalada del d\u00f3lar, el Gobierno &#8220;apur\u00f3&#8221; las negociaciones con los proveedores del consumo masivo para cerrar y anunciar este jueves un nuevo lanzamiento del programa Precios Cuidados.<\/p>\n<p>&nbsp;<\/p>\n<p>Los tiempos se aceleraron b\u00e1sicamente por dos est\u00edmulos fuertes. El primero, porque el mismo presidente Mauricio Macri difundi\u00f3 el lunes pasado un mensaje grabado desde la Casa Rosada, en el que anunci\u00f3 que reforzar\u00eda los alimentos de la canasta b\u00e1sica incluidos en los programas de &#8220;Precios Cuidados&#8221; y &#8220;El mercado en tu barrio&#8221;.<\/p>\n<p>&nbsp;<\/p>\n<p>El segundo &#8220;acelerador&#8221;, adem\u00e1s de las noticias sobre espor\u00e1dicos saqueos, fue una reuni\u00f3n que se realiz\u00f3 el mi\u00e9rcoles en Olivos, entre Macri, el ministro de la Producci\u00f3n, Dante Sica; la ministra de Acci\u00f3n Social, Carolina Stanley, e Ignacio Werner, quien ser\u00e1 ungido pr\u00f3ximamente como secretario de Comercio Interior. El foco de la reuni\u00f3n fue c\u00f3mo darle mayor impulso al programa, que ofrece productos un 30% m\u00e1s baratos que el resto del mercado.<\/p>\n<p>&nbsp;<\/p>\n<p>A partir del all\u00ed y desde el lunes pasado, las negociaciones empezaron a intensificarse: no s\u00f3lo hubo marat\u00f3nicas reuniones presenciales. Tambi\u00e9n los tel\u00e9fonos se mantuvieron al rojo vivo en el edificio de Diagonal Sur.<\/p>\n<p>&nbsp;<\/p>\n<p>&#8220;Son negociaciones muy arduas porque el contexto es complicado. Con un d\u00f3lar a casi $40 es dif\u00edcil comprometerse a mantener los precios por cuatro meses, en especial en nuestro caso, con productos muy atados a la variaci\u00f3n del tipo de cambio&#8221;, coment\u00f3 un ejecutivo de una importante alimenticia del mercado que participa de las reuniones en la Secretar\u00eda.<\/p>\n<p>&nbsp;<\/p>\n<p>Si bien el mi\u00e9rcoles no trascendieron los detalles sobre las caracter\u00edsticas de la nueva edici\u00f3n del programa, se sabe que arrancar\u00e1 este viernes en los supermercados y, por primera vez, tambi\u00e9n en los autoservicios chinos.<\/p>\n<p>&nbsp;<\/p>\n<p>El ministro de Producci\u00f3n, Dante Sica, adelant\u00f3 por su parte, que tanto los funcionarios como la industria, trabajaron en una lista de precios que no tendr\u00e1 un traslado significativo del d\u00f3lar a los costos. Y estim\u00f3 que la incidencia del aumento de la moneda norteamericana en los alimentos no super\u00f3 el 50%. No obstante, los productos que m\u00e1s subieron fueron las harinas y aceites, con alta incidencia del valor del d\u00f3lar.<\/p>\n<p>&nbsp;<\/p>\n<p>Fuentes de la secretar\u00eda de Comercio se\u00f1alaron que, en esta oportunidad, probablemente se ampl\u00ede la cantidad de productos respecto de los 527 que estaban incluidos hasta ahora. Tambi\u00e9n buscaron resaltar que &#8220;debido a la coyuntura, la idea es fortalecer la canasta b\u00e1sica de alimentos&#8221;.<\/p>\n<p>&nbsp;<\/p>\n<p>B\u00e1sicamente, en estas negociaciones los funcionarios de Comercio acuerdan con las empresas fabricantes los precios de un listado de art\u00edculos, que luego son revisados por los supermercados. A su vez, \u00e9stos eval\u00faan la oferta que tienen de cada producto en cada uno de sus locales comerciales. Por lo general, cada boca suele ofrecer entre 120 y 130 productos del total de la lista. Entre \u00e9stos, las cadenas tienen la obligaci\u00f3n de tener los productos m\u00e1s b\u00e1sicos e indispensables de la canasta familiar.<\/p>\n<p>&nbsp;<\/p>\n<p>Las intensas negociaciones transcurren en un contexto de ca\u00edda del consumo. Seg\u00fan Federico Filipponi, analista de la consultora Kantar WorldPanel, el segundo semestre apunta a ser el m\u00e1s negativo de los \u00faltimos a\u00f1os. &#8220;Proyectamos una ca\u00edda de 5% para el segundo semestre, cuando hace un mes esper\u00e1bamos que fuera de 3%. As\u00ed, el a\u00f1o cerrar\u00e1 2% abajo del 2017&#8221;, dijo.<\/p>\n","protected":false},"excerpt":{"rendered":"<p>Macri lider\u00f3 las reuniones con el nuevo equipo de Comercio Interior. Estar\u00e1n los alimentos de la canasta b\u00e1sica. El programa ya no alcanza s\u00f3lo a los supermercados &nbsp; &nbsp; &nbsp; &nbsp; &nbsp; En medio de la incertidumbre cambiaria y tras los anuncios sobre las remarcaciones de precios que amenazan con instalarse en las g\u00f3ndolas ante la escalada del d\u00f3lar, el Gobierno &#8220;apur\u00f3&#8221; las negociaciones con los proveedores del consumo masivo para cerrar y anunciar este jueves un nuevo lanzamiento del programa Precios Cuidados. &nbsp; Los tiempos se aceleraron b\u00e1sicamente por&#8230;<\/p>\n","protected":false},"author":3,"featured_media":32728,"comment_status":"closed","ping_status":"closed","sticky":false,"template":"","format":"standard","meta":[],"categories":[2],"tags":[],"_links":{"self":[{"href":"https:\/\/www.actualidadadiario.com\/index.php\/wp-json\/wp\/v2\/posts\/32727"}],"collection":[{"href":"https:\/\/www.actualidadadiario.com\/index.php\/wp-json\/wp\/v2\/posts"}],"about":[{"href":"https:\/\/www.actualidadadiario.com\/index.php\/wp-json\/wp\/v2\/types\/post"}],"author":[{"embeddable":true,"href":"https:\/\/www.actualidadadiario.com\/index.php\/wp-json\/wp\/v2\/users\/3"}],"replies":[{"embeddable":true,"href":"https:\/\/www.actualidadadiario.com\/index.php\/wp-json\/wp\/v2\/comments?post=32727"}],"version-history":[{"count":1,"href":"https:\/\/www.actualidadadiario.com\/index.php\/wp-json\/wp\/v2\/posts\/32727\/revisions"}],"predecessor-version":[{"id":32729,"href":"https:\/\/www.actualidadadiario.com\/index.php\/wp-json\/wp\/v2\/posts\/32727\/revisions\/32729"}],"wp:featuredmedia":[{"embeddable":true,"href":"https:\/\/www.actualidadadiario.com\/index.php\/wp-json\/wp\/v2\/media\/32728"}],"wp:attachment":[{"href":"https:\/\/www.actualidadadiario.com\/index.php\/wp-json\/wp\/v2\/media?parent=32727"}],"wp:term":[{"taxonomy":"category","embeddable":true,"href":"https:\/\/www.actualidadadiario.com\/index.php\/wp-json\/wp\/v2\/categories?post=32727"},{"taxonomy":"post_tag","embeddable":true,"href":"https:\/\/www.actualidadadiario.com\/index.php\/wp-json\/wp\/v2\/tags?post=32727"}],"curies":[{"name":"wp","href":"https:\/\/api.w.org\/{rel}","templated":true}]}}