{"id":32724,"date":"2018-09-06T10:36:35","date_gmt":"2018-09-06T13:36:35","guid":{"rendered":"https:\/\/www.actualidadadiario.com\/?p=32724"},"modified":"2018-11-06T19:38:18","modified_gmt":"2018-11-06T22:38:18","slug":"reglamentaron-la-ley-de-compre-argentino-clave-para-las-pymes","status":"publish","type":"post","link":"https:\/\/www.actualidadadiario.com\/index.php\/2018\/09\/06\/reglamentaron-la-ley-de-compre-argentino-clave-para-las-pymes\/","title":{"rendered":"Reglamentaron la ley de Compre Argentino, clave para las pymes"},"content":{"rendered":"<p><em><strong>Tienen prioridad en compras p\u00fablicas y grandes proyectos de infraestructura<\/strong><\/em><\/p>\n<p>&nbsp;<\/p>\n<p>&nbsp;<\/p>\n<p>&nbsp;<\/p>\n<p>&nbsp;<\/p>\n<p>El Gobierno reglament\u00f3 la Ley de Compre Argentino, una iniciativa aprobada por el Congreso y que era uno de los reclamos de las entidades empresarias por el efecto en la cadena de valor dependiente de las compras p\u00fablicas y grandes proyectos de infraestructura. La iniciativa prev\u00e9 mecanismos para conectar a las pymes locales con empresas multinacionales y mercados de exportaci\u00f3n.<\/p>\n<p>&nbsp;<\/p>\n<p>Seg\u00fan detallaron desde el Ministerio de Producci\u00f3n, se le dar\u00e1 prioridad en las grandes obras de infraestructura a los fabricantes que integran un mayor porcentaje componentes nacionales, de modo que la ley favorecer\u00e1 la radicaci\u00f3n de inversi\u00f3n productiva y conectar\u00e1 a las pymes locales con las grandes cadenas de valor global en sectores como transporte, energ\u00eda, salud, telecomunicaciones, bienes industriales, servicios de alto valor agregado y tecnolog\u00eda, entre otros. Las compras p\u00fablicas representan en la Argentina m\u00e1s del 5% del PBI y el 2,5% del empleo.<\/p>\n<p>&nbsp;<\/p>\n<p>&#8220;El Compre Argentino es una herramienta potente, muy relevante en este contexto en el que la industria requiere mayor previsibilidad en la demanda para la inversi\u00f3n y el desarrollo competitivo&#8221;, afirm\u00f3 el ministro de Producci\u00f3n y Trabajo, Dante Sica, que 24 horas antes hab\u00eda estado con los due\u00f1os de f\u00e1bricas de la UIA y hab\u00eda recibido las inquietudes por los cambios en las reglas de juego que debilitaban el desarrollo de proyectos productivos.<\/p>\n<p>&nbsp;<\/p>\n<p>&#8220;La ley permitir\u00e1 volcar el poder de compra estatal a las pymes argentinas, d\u00e1ndoles prioridad en las contrataciones p\u00fablicas y conect\u00e1ndolas con las cadenas globales de valor de las industrias ferroviaria, de energ\u00edas renovables y petr\u00f3leo y gas, as\u00ed como tambi\u00e9n en sectores como seguridad, defensa, y tecnolog\u00eda m\u00e9dica, entre otros. Adem\u00e1s, su reglamentaci\u00f3n consolidar\u00e1 los resultados del trabajo previo a su sanci\u00f3n: el desarrollo de proveedores locales, la radicaci\u00f3n de inversiones productivas, la conexi\u00f3n con mercados externos y el acceso a tecnolog\u00eda por parte de las pymes argentinas&#8221;, afirm\u00f3 el subsecretario de Compre Argentino y Desarrollo de Proveedores, Sergio Drucaroff.<\/p>\n","protected":false},"excerpt":{"rendered":"<p>Tienen prioridad en compras p\u00fablicas y grandes proyectos de infraestructura &nbsp; &nbsp; &nbsp; &nbsp; El Gobierno reglament\u00f3 la Ley de Compre Argentino, una iniciativa aprobada por el Congreso y que era uno de los reclamos de las entidades empresarias por el efecto en la cadena de valor dependiente de las compras p\u00fablicas y grandes proyectos de infraestructura. La iniciativa prev\u00e9 mecanismos para conectar a las pymes locales con empresas multinacionales y mercados de exportaci\u00f3n. &nbsp; Seg\u00fan detallaron desde el Ministerio de Producci\u00f3n, se le dar\u00e1 prioridad en las grandes obras&#8230;<\/p>\n","protected":false},"author":3,"featured_media":32725,"comment_status":"closed","ping_status":"closed","sticky":false,"template":"","format":"standard","meta":[],"categories":[2],"tags":[],"_links":{"self":[{"href":"https:\/\/www.actualidadadiario.com\/index.php\/wp-json\/wp\/v2\/posts\/32724"}],"collection":[{"href":"https:\/\/www.actualidadadiario.com\/index.php\/wp-json\/wp\/v2\/posts"}],"about":[{"href":"https:\/\/www.actualidadadiario.com\/index.php\/wp-json\/wp\/v2\/types\/post"}],"author":[{"embeddable":true,"href":"https:\/\/www.actualidadadiario.com\/index.php\/wp-json\/wp\/v2\/users\/3"}],"replies":[{"embeddable":true,"href":"https:\/\/www.actualidadadiario.com\/index.php\/wp-json\/wp\/v2\/comments?post=32724"}],"version-history":[{"count":1,"href":"https:\/\/www.actualidadadiario.com\/index.php\/wp-json\/wp\/v2\/posts\/32724\/revisions"}],"predecessor-version":[{"id":32726,"href":"https:\/\/www.actualidadadiario.com\/index.php\/wp-json\/wp\/v2\/posts\/32724\/revisions\/32726"}],"wp:featuredmedia":[{"embeddable":true,"href":"https:\/\/www.actualidadadiario.com\/index.php\/wp-json\/wp\/v2\/media\/32725"}],"wp:attachment":[{"href":"https:\/\/www.actualidadadiario.com\/index.php\/wp-json\/wp\/v2\/media?parent=32724"}],"wp:term":[{"taxonomy":"category","embeddable":true,"href":"https:\/\/www.actualidadadiario.com\/index.php\/wp-json\/wp\/v2\/categories?post=32724"},{"taxonomy":"post_tag","embeddable":true,"href":"https:\/\/www.actualidadadiario.com\/index.php\/wp-json\/wp\/v2\/tags?post=32724"}],"curies":[{"name":"wp","href":"https:\/\/api.w.org\/{rel}","templated":true}]}}