{"id":32721,"date":"2018-09-06T10:35:55","date_gmt":"2018-09-06T13:35:55","guid":{"rendered":"https:\/\/www.actualidadadiario.com\/?p=32721"},"modified":"2018-11-06T19:38:22","modified_gmt":"2018-11-06T22:38:22","slug":"un-amparo-contra-la-suspension-de-la-vacuna-antimeningococcica-de-los-11-anos","status":"publish","type":"post","link":"https:\/\/www.actualidadadiario.com\/index.php\/2018\/09\/06\/un-amparo-contra-la-suspension-de-la-vacuna-antimeningococcica-de-los-11-anos\/","title":{"rendered":"Un amparo contra la suspensi\u00f3n de la vacuna antimeningoc\u00f3ccica de los 11 a\u00f1os"},"content":{"rendered":"<p><em><strong>La decisi\u00f3n de suspender la dosis en adolescentes de la vacuna contra la meningitis levant\u00f3 cr\u00edticas y acciones concretas de rechazo. Entre ellas, la presentaci\u00f3n de un amparo, por parte de Ajus, en defensa del derecho a la vida y la salud de los chicos<\/strong><\/em><\/p>\n<p>&nbsp;<\/p>\n<p>&nbsp;<\/p>\n<p>&nbsp;<\/p>\n<p>&nbsp;<\/p>\n<p>La asociaci\u00f3n civil Ajus present\u00f3 un amparo colectivo en defensa del derecho a la vida y a la salud de los ni\u00f1os, ni\u00f1as y adolescentes, para que el Poder Ejecutivo Nacional cumpla con la cobertura de la vacuna contra el meningococo, obligaci\u00f3n asumida por el Ministerio de Salud (ahora degradado a Secretar\u00eda) seg\u00fan la resoluci\u00f3n 10\/2015. El doctor Emanuel Desojo, presidente de Ajus, en di\u00e1logo con este diario explic\u00f3: \u201cNuestra ONG se dedica especialmente a los derechos humanos, pero como no hab\u00eda ninguna acci\u00f3n en el tema de la vacunaci\u00f3n, que es de la \u00f3rbita de salud p\u00fablica, cuando nos lleg\u00f3 el caso decidimos intervenir. Por una cuesti\u00f3n de procedimientos legales, reci\u00e9n a partir de un caso concreto podemos plantear un amparo que tutele a la totalidad de los ni\u00f1os, ni\u00f1as y adolescentes de la provincia\u201d.<\/p>\n<p>&nbsp;<\/p>\n<p>\u201cEn 2010 se crea el programa nacional de enfermedades inmunoprevenibles, que es el que fija las vacunas gratuitas y obligatorias. Los que suspendieron la dosis de los 11 a\u00f1os de la vacuna contra el meningococo dicen que este grupo no es el que est\u00e1 m\u00e1s en peligro. Eso es cierto, a medias, porque no tiene en cuenta a la poblaci\u00f3n en su conjunto. Si bien no son el grupo de m\u00e1s riesgo, s\u00ed pueden transmitir el virus y propagar la enfermedad. Porque a esa edad pierden la inmunidad de las dosis que les dieron de beb\u00e9s, y pueden transmitir el virus en la escuela, a sus hermanitos menores. Se los vacuna como una forma de prevenir brotes y epidemias al cortar la difusi\u00f3n de la enfermedad\u201d, continu\u00f3 Desojo.<\/p>\n<p>&nbsp;<\/p>\n<p>En el marco del ajuste exigido por el Fondo Monetario Internacional y aceptado y concretado por el gobierno de Mauricio Macri, el Ministerio de Salud (actualmente, Secretar\u00eda) decidi\u00f3 quitar del calendario de vacunaciones el refuerzo para chicos y chicas de 11 a\u00f1os de la aplicaci\u00f3n contra el meningococo. La medida se dispuso a pesar de la reciente aparici\u00f3n en distintas ciudades de m\u00faltiples casos de meningitis, en algunos casos fatales, como el ocurrido en Rosario, con un adolescente de 17 a\u00f1os. La decisi\u00f3n se justific\u00f3 en un supuesto faltante de stock que exigir\u00eda destinar las dosis disponibles a los m\u00e1s peque\u00f1os y dejar afuera a los adolescentes, que no constituyen un grupo en riesgo de contraer la enfermedad.<\/p>\n<p>&nbsp;<\/p>\n<p>Desojo marc\u00f3 algunos puntos: \u201cHay varias cosas a tener en cuenta. La vacuna cuesta dos mil pesos. Entonces, las familias de clase media hacen un esfuerzo y vacunan a sus hijos. Pero los sectores m\u00e1s vulnerables quedan desamparados. Desde el ministerio dijeron que la suspend\u00edan porque no hab\u00eda stock. Pero los laboratorios lo negaron, y tienen raz\u00f3n, porque vas a la farmacia y la consegu\u00eds. Entonces, el problema se resuelve con plata. Adem\u00e1s, si el ministerio quiere quitar una vacuna del plan, tiene que sacar una resoluci\u00f3n y pagar un costo pol\u00edtico por esa decisi\u00f3n. Pero no lo hicieron, s\u00f3lo mandaron un comunicado que dice que \u2018provisoriamente\u2019 se suspende, pero sin ning\u00fan plazo. Y esto se da en el marco de la suspensi\u00f3n de los tratamientos de di\u00e1lisis, los problemas con los medicamentos contra el VIH, los casos de tuberculosis&#8230; La meningitis deja secuelas grav\u00edsimas y tiene una alta tasa de mortalidad\u201d.<\/p>\n<p>&nbsp;<\/p>\n<p>En lo que hace al aspecto legal, el doctor Desojo explic\u00f3, sobre el recurso presentado: \u201cComo es un amparo sobre salud, los plazos son muy cortos. Nosotros pedimos una cautelar interina, es decir, que mientras se investiga el tema de fondo, se distribuya la vacuna para todos los adolescentes de 11 a\u00f1os de la provincia, provisoriamente. A m\u00e1s tardar el viernes a la ma\u00f1ana deben responder desde el juzgado. Con la interina, se distribuye la vacuna sin darle traslado al Estado de esta medida. Si no se acepta, se le da vista al Estado y \u00e9ste presenta su descargo. Pero incluso en esa situaci\u00f3n, el l\u00edmite es el viernes 14, el juez deber\u00eda estar resolviendo para esa fecha. Es un tema de salud p\u00fablica. Los chicos m\u00e1s vulnerables, que no tienen acceso a cloacas, a instalaci\u00f3n de agua y tienen problemas de hacinamiento no pueden encima verse privados del plan completo de vacunaci\u00f3n. Es una vulneraci\u00f3n de los derechos humanos\u201d.<\/p>\n","protected":false},"excerpt":{"rendered":"<p>La decisi\u00f3n de suspender la dosis en adolescentes de la vacuna contra la meningitis levant\u00f3 cr\u00edticas y acciones concretas de rechazo. Entre ellas, la presentaci\u00f3n de un amparo, por parte de Ajus, en defensa del derecho a la vida y la salud de los chicos &nbsp; &nbsp; &nbsp; &nbsp; La asociaci\u00f3n civil Ajus present\u00f3 un amparo colectivo en defensa del derecho a la vida y a la salud de los ni\u00f1os, ni\u00f1as y adolescentes, para que el Poder Ejecutivo Nacional cumpla con la cobertura de la vacuna contra el meningococo,&#8230;<\/p>\n","protected":false},"author":3,"featured_media":32722,"comment_status":"closed","ping_status":"closed","sticky":false,"template":"","format":"standard","meta":[],"categories":[2],"tags":[],"_links":{"self":[{"href":"https:\/\/www.actualidadadiario.com\/index.php\/wp-json\/wp\/v2\/posts\/32721"}],"collection":[{"href":"https:\/\/www.actualidadadiario.com\/index.php\/wp-json\/wp\/v2\/posts"}],"about":[{"href":"https:\/\/www.actualidadadiario.com\/index.php\/wp-json\/wp\/v2\/types\/post"}],"author":[{"embeddable":true,"href":"https:\/\/www.actualidadadiario.com\/index.php\/wp-json\/wp\/v2\/users\/3"}],"replies":[{"embeddable":true,"href":"https:\/\/www.actualidadadiario.com\/index.php\/wp-json\/wp\/v2\/comments?post=32721"}],"version-history":[{"count":1,"href":"https:\/\/www.actualidadadiario.com\/index.php\/wp-json\/wp\/v2\/posts\/32721\/revisions"}],"predecessor-version":[{"id":32723,"href":"https:\/\/www.actualidadadiario.com\/index.php\/wp-json\/wp\/v2\/posts\/32721\/revisions\/32723"}],"wp:featuredmedia":[{"embeddable":true,"href":"https:\/\/www.actualidadadiario.com\/index.php\/wp-json\/wp\/v2\/media\/32722"}],"wp:attachment":[{"href":"https:\/\/www.actualidadadiario.com\/index.php\/wp-json\/wp\/v2\/media?parent=32721"}],"wp:term":[{"taxonomy":"category","embeddable":true,"href":"https:\/\/www.actualidadadiario.com\/index.php\/wp-json\/wp\/v2\/categories?post=32721"},{"taxonomy":"post_tag","embeddable":true,"href":"https:\/\/www.actualidadadiario.com\/index.php\/wp-json\/wp\/v2\/tags?post=32721"}],"curies":[{"name":"wp","href":"https:\/\/api.w.org\/{rel}","templated":true}]}}