{"id":32719,"date":"2018-09-06T10:35:08","date_gmt":"2018-09-06T13:35:08","guid":{"rendered":"https:\/\/www.actualidadadiario.com\/?p=32719"},"modified":"2018-11-06T19:38:22","modified_gmt":"2018-11-06T22:38:22","slug":"energia-convalida-aumentos-de-hasta-el-30-en-gas","status":"publish","type":"post","link":"https:\/\/www.actualidadadiario.com\/index.php\/2018\/09\/06\/energia-convalida-aumentos-de-hasta-el-30-en-gas\/","title":{"rendered":"Energ\u00eda convalida aumentos de hasta el 30% en gas"},"content":{"rendered":"<p><em><strong>Desde la cartera conducida por Javier Iguacel anunciaron el porcentaje de aumento que llegar\u00e1 en las facturas de octubre<\/strong><\/em><\/p>\n<p>&nbsp;<\/p>\n<p>&nbsp;<\/p>\n<p>&nbsp;<\/p>\n<p>El aumento de gas para octubre no superar\u00eda el 30% seg\u00fan inform\u00f3 la secretaria de Energ\u00eda conducida por Javier Iguacel. El anuncio se realiz\u00f3 despu\u00e9s de que se llevar\u00e1n adelante las audiencias p\u00fablicas en donde los distribuidores hac\u00edan sus presentaciones a los vecinos que m\u00e1s tarde tendr\u00edan que pagar por consumir el servicio.<\/p>\n<p>&nbsp;<\/p>\n<p>Este 30%, aplicable a los hogares de \u201cigual consumo del a\u00f1o pasado\u201d, estar\u00eda por debajo de lo esperado de lo que ser\u00e1 el alza del IPC del 2018. Si bien se especulaba que el aumento tendr\u00eda que ser del 80%, sobre todo despu\u00e9s de la \u00faltima escalda del d\u00f3lar, desde la secretaria se\u00f1alan que todo fue gracias a las inversiones que se vienen desarrollando en Vaca Muerta, un yacimiento petrol\u00edfero ubicado en la cuenca neuquina.<\/p>\n<p>&nbsp;<\/p>\n<p>Durante los \u00faltimos 18 meses la producci\u00f3n nacional de gas se mantuvo en alza y se registr\u00f3 un crecimiento interanual del 4,6% en el primer semestre. De esta forma se permiti\u00f3 rebajar un d\u00f3lar por mill\u00f3n de BTU en el gas natural para las usinas de generaci\u00f3n el\u00e9ctrica.<\/p>\n<p>&nbsp;<\/p>\n<p>Durante la audiencia p\u00fablica, organizada por el ente regulador ENERGAS en el Centro Metropolitano de Dise\u00f1o de CABA, expusieron sus casos, inquietudes e hicieron sus presentaciones m\u00e1s de 60 oradores. Este jueves 6 de septiembre se llevar\u00e1 a cabo otra audiencia en Santiago del Estero en donde participaran otras cuatro distribuidoras y la transportadora TGN adem\u00e1s de usuarios del producto quienes les har\u00e1n llegar sus propuestas en el marco de la crisis econ\u00f3mica.<\/p>\n<p>&nbsp;<\/p>\n<p>Este aumento de octubre, seg\u00fan lo anunciaron desde la Casa Rosada, ser\u00e1 el \u00faltimo del a\u00f1o hasta abril del 2019 en donde vuelva a aumentar el servicio. Sin embargo para ese entonces el Gobierno tiene pensado un esquema de \u201ctarifa plana\u201d con la intenci\u00f3n de evitar un fuerte impacto de la tarifa del gas en los meses m\u00e1s fr\u00edo del a\u00f1o y que en su lugar se equilibre con el monto de todo el a\u00f1o.<\/p>\n","protected":false},"excerpt":{"rendered":"<p>Desde la cartera conducida por Javier Iguacel anunciaron el porcentaje de aumento que llegar\u00e1 en las facturas de octubre &nbsp; &nbsp; &nbsp; El aumento de gas para octubre no superar\u00eda el 30% seg\u00fan inform\u00f3 la secretaria de Energ\u00eda conducida por Javier Iguacel. El anuncio se realiz\u00f3 despu\u00e9s de que se llevar\u00e1n adelante las audiencias p\u00fablicas en donde los distribuidores hac\u00edan sus presentaciones a los vecinos que m\u00e1s tarde tendr\u00edan que pagar por consumir el servicio. &nbsp; Este 30%, aplicable a los hogares de \u201cigual consumo del a\u00f1o pasado\u201d, estar\u00eda por&#8230;<\/p>\n","protected":false},"author":3,"featured_media":32487,"comment_status":"closed","ping_status":"closed","sticky":false,"template":"","format":"standard","meta":[],"categories":[2],"tags":[],"_links":{"self":[{"href":"https:\/\/www.actualidadadiario.com\/index.php\/wp-json\/wp\/v2\/posts\/32719"}],"collection":[{"href":"https:\/\/www.actualidadadiario.com\/index.php\/wp-json\/wp\/v2\/posts"}],"about":[{"href":"https:\/\/www.actualidadadiario.com\/index.php\/wp-json\/wp\/v2\/types\/post"}],"author":[{"embeddable":true,"href":"https:\/\/www.actualidadadiario.com\/index.php\/wp-json\/wp\/v2\/users\/3"}],"replies":[{"embeddable":true,"href":"https:\/\/www.actualidadadiario.com\/index.php\/wp-json\/wp\/v2\/comments?post=32719"}],"version-history":[{"count":1,"href":"https:\/\/www.actualidadadiario.com\/index.php\/wp-json\/wp\/v2\/posts\/32719\/revisions"}],"predecessor-version":[{"id":32720,"href":"https:\/\/www.actualidadadiario.com\/index.php\/wp-json\/wp\/v2\/posts\/32719\/revisions\/32720"}],"wp:featuredmedia":[{"embeddable":true,"href":"https:\/\/www.actualidadadiario.com\/index.php\/wp-json\/wp\/v2\/media\/32487"}],"wp:attachment":[{"href":"https:\/\/www.actualidadadiario.com\/index.php\/wp-json\/wp\/v2\/media?parent=32719"}],"wp:term":[{"taxonomy":"category","embeddable":true,"href":"https:\/\/www.actualidadadiario.com\/index.php\/wp-json\/wp\/v2\/categories?post=32719"},{"taxonomy":"post_tag","embeddable":true,"href":"https:\/\/www.actualidadadiario.com\/index.php\/wp-json\/wp\/v2\/tags?post=32719"}],"curies":[{"name":"wp","href":"https:\/\/api.w.org\/{rel}","templated":true}]}}