{"id":32717,"date":"2018-09-06T10:34:30","date_gmt":"2018-09-06T13:34:30","guid":{"rendered":"https:\/\/www.actualidadadiario.com\/?p=32717"},"modified":"2018-11-06T19:38:22","modified_gmt":"2018-11-06T22:38:22","slug":"supermercados-y-mayoristas-suben-precios-un-15-y-en-octubre-sera-peor","status":"publish","type":"post","link":"https:\/\/www.actualidadadiario.com\/index.php\/2018\/09\/06\/supermercados-y-mayoristas-suben-precios-un-15-y-en-octubre-sera-peor\/","title":{"rendered":"Supermercados y mayoristas suben precios un 15% y en octubre ser\u00e1 peor"},"content":{"rendered":"<p><em><strong>Lo confirm\u00f3 el presidente de la C\u00e1mara Argentina de Distribuidores y Autoservicios Mayoristas, Alberto Guida. \u201cLa harina y el aceite tuvieron un golpe muy importante\u201d, advirti\u00f3<\/strong><\/em><\/p>\n<p>&nbsp;<\/p>\n<p>&nbsp;<\/p>\n<p>&nbsp;<\/p>\n<p>&nbsp;<\/p>\n<p>El alza del d\u00f3lar y la consecuente devaluaci\u00f3n del peso se traslada a precios y golpea la canasta de consumo: los supermercados y mayoristas adelantaron que suben en un 15% los precios, pero advierten que el incremento \u201cfuerte\u201d ser\u00e1 en octubre.<\/p>\n<p>&nbsp;<\/p>\n<p>El presidente de la C\u00e1mara Argentina de Distribuidores y Autoservicios Mayoristas, Alberto Guida, dijo que ese ajuste ser\u00e1 \u201ctrasladado en lo inmediato\u201d a las g\u00f3ndolas pero estim\u00f3 que la mayor parte del pase a precios de la suba del d\u00f3lar se dar\u00e1 el mes que viene cuando se hayan terminado de ajustar los insumos industriales.<\/p>\n<p>&nbsp;<\/p>\n<p>\u201cLo que se est\u00e1 dando es la presentaci\u00f3n de nuevas listas de precios con un alza promedio del 15% y eso se va a estar trasladando en lo mediato, pero el salto fuerte se concretar\u00e1 en octubre\u201d, reconoci\u00f3 en di\u00e1logo con Radio La Red.<\/p>\n<p>&nbsp;<\/p>\n<p>\u201cHay productos b\u00e1sicos que es como harina y aceite que ya han tenido un golpe muy importante estos d\u00edas\u201d, agreg\u00f3.<\/p>\n","protected":false},"excerpt":{"rendered":"<p>Lo confirm\u00f3 el presidente de la C\u00e1mara Argentina de Distribuidores y Autoservicios Mayoristas, Alberto Guida. \u201cLa harina y el aceite tuvieron un golpe muy importante\u201d, advirti\u00f3 &nbsp; &nbsp; &nbsp; &nbsp; El alza del d\u00f3lar y la consecuente devaluaci\u00f3n del peso se traslada a precios y golpea la canasta de consumo: los supermercados y mayoristas adelantaron que suben en un 15% los precios, pero advierten que el incremento \u201cfuerte\u201d ser\u00e1 en octubre. &nbsp; El presidente de la C\u00e1mara Argentina de Distribuidores y Autoservicios Mayoristas, Alberto Guida, dijo que ese ajuste ser\u00e1&#8230;<\/p>\n","protected":false},"author":3,"featured_media":30119,"comment_status":"closed","ping_status":"closed","sticky":false,"template":"","format":"standard","meta":[],"categories":[2],"tags":[],"_links":{"self":[{"href":"https:\/\/www.actualidadadiario.com\/index.php\/wp-json\/wp\/v2\/posts\/32717"}],"collection":[{"href":"https:\/\/www.actualidadadiario.com\/index.php\/wp-json\/wp\/v2\/posts"}],"about":[{"href":"https:\/\/www.actualidadadiario.com\/index.php\/wp-json\/wp\/v2\/types\/post"}],"author":[{"embeddable":true,"href":"https:\/\/www.actualidadadiario.com\/index.php\/wp-json\/wp\/v2\/users\/3"}],"replies":[{"embeddable":true,"href":"https:\/\/www.actualidadadiario.com\/index.php\/wp-json\/wp\/v2\/comments?post=32717"}],"version-history":[{"count":1,"href":"https:\/\/www.actualidadadiario.com\/index.php\/wp-json\/wp\/v2\/posts\/32717\/revisions"}],"predecessor-version":[{"id":32718,"href":"https:\/\/www.actualidadadiario.com\/index.php\/wp-json\/wp\/v2\/posts\/32717\/revisions\/32718"}],"wp:featuredmedia":[{"embeddable":true,"href":"https:\/\/www.actualidadadiario.com\/index.php\/wp-json\/wp\/v2\/media\/30119"}],"wp:attachment":[{"href":"https:\/\/www.actualidadadiario.com\/index.php\/wp-json\/wp\/v2\/media?parent=32717"}],"wp:term":[{"taxonomy":"category","embeddable":true,"href":"https:\/\/www.actualidadadiario.com\/index.php\/wp-json\/wp\/v2\/categories?post=32717"},{"taxonomy":"post_tag","embeddable":true,"href":"https:\/\/www.actualidadadiario.com\/index.php\/wp-json\/wp\/v2\/tags?post=32717"}],"curies":[{"name":"wp","href":"https:\/\/api.w.org\/{rel}","templated":true}]}}