{"id":32715,"date":"2018-09-06T10:33:31","date_gmt":"2018-09-06T13:33:31","guid":{"rendered":"https:\/\/www.actualidadadiario.com\/?p=32715"},"modified":"2018-11-06T19:38:22","modified_gmt":"2018-11-06T22:38:22","slug":"parana-realizan-una-olla-popular-en-el-hospital-san-roque-en-defensa-de-la-salud-publica","status":"publish","type":"post","link":"https:\/\/www.actualidadadiario.com\/index.php\/2018\/09\/06\/parana-realizan-una-olla-popular-en-el-hospital-san-roque-en-defensa-de-la-salud-publica\/","title":{"rendered":"Paran\u00e1: Realizan una olla popular en el Hospital San Roque en defensa de la Salud P\u00fablica"},"content":{"rendered":"<p><em><strong>La actividad tendr\u00e1 lugar este jueves, a partir de las 10, en las puertas del Hospital Materno Infantil San Roque. Es convocada por el Consejo Directivo de ATE, en el marco de lo resuelto por el cuerpo de delegados de Paran\u00e1, en \u201crepudio al hachazo que significa para la salud p\u00fablica de nuestro pa\u00eds el \u00faltimo anuncio del presidente de la Naci\u00f3n de eliminar el Ministerio de Salud\u201d<\/strong><\/em><\/p>\n<p>&nbsp;<\/p>\n<p>&nbsp;<\/p>\n<p>&nbsp;<\/p>\n<p>&nbsp;<\/p>\n<p>En el marco de lo resuelto por el Cuerpo de Delegados de la ciudad de Paran\u00e1, el Consejo Directivo de la Asociaci\u00f3n de Trabajadores del Estado de Entre R\u00edos, convoc\u00f3 a todas las trabajadoras y trabajadores del Estado a la olla popular en defensa de la salud p\u00fablica que se realizar\u00e1 este jueves 6 de septiembre a partir de las 10 en la puerta del Hospital San Roque, ubicado en calle La Paz 435 de la ciudad de Paran\u00e1.<\/p>\n<p>&nbsp;<\/p>\n<p>La invitaci\u00f3n se extiende tambi\u00e9n a la poblaci\u00f3n en general, a las organizaciones pol\u00edticas, sociales y gremiales \u201cque entiendan que la salud p\u00fablica, gratuita y de calidad son un derecho de todos\u201d.<\/p>\n<p>&nbsp;<\/p>\n<p>La iniciativa fue resuelta por el Cuerpo de Delegados de ATE \u201ccomo lugar de encuentro y unidad para continuar el reclamo por salarios dignos y cumplimiento de lo acordado en paritarias, pases a planta permanente y recategorizaciones adeudadas por el Estado provincial, a lo que se suma el repudio al hachazo que significa para la salud p\u00fablica de nuestro pa\u00eds, el \u00faltimo anuncio del presidente de la Naci\u00f3n de eliminar el Ministerio de Salud\u201d.<\/p>\n<p>&nbsp;<\/p>\n<p>Por otra parte, los trabajadores de sector, realizar\u00e1n reclamos concretos de falencias que atraviesa el principal nosocomio de ni\u00f1os de la provincia y que repercuten en las prestaciones de los miles de infantes que se atienden en el nosocomio, se inform\u00f3.<\/p>\n","protected":false},"excerpt":{"rendered":"<p>La actividad tendr\u00e1 lugar este jueves, a partir de las 10, en las puertas del Hospital Materno Infantil San Roque. Es convocada por el Consejo Directivo de ATE, en el marco de lo resuelto por el cuerpo de delegados de Paran\u00e1, en \u201crepudio al hachazo que significa para la salud p\u00fablica de nuestro pa\u00eds el \u00faltimo anuncio del presidente de la Naci\u00f3n de eliminar el Ministerio de Salud\u201d &nbsp; &nbsp; &nbsp; &nbsp; En el marco de lo resuelto por el Cuerpo de Delegados de la ciudad de Paran\u00e1, el Consejo&#8230;<\/p>\n","protected":false},"author":3,"featured_media":30754,"comment_status":"closed","ping_status":"closed","sticky":false,"template":"","format":"standard","meta":[],"categories":[15],"tags":[],"_links":{"self":[{"href":"https:\/\/www.actualidadadiario.com\/index.php\/wp-json\/wp\/v2\/posts\/32715"}],"collection":[{"href":"https:\/\/www.actualidadadiario.com\/index.php\/wp-json\/wp\/v2\/posts"}],"about":[{"href":"https:\/\/www.actualidadadiario.com\/index.php\/wp-json\/wp\/v2\/types\/post"}],"author":[{"embeddable":true,"href":"https:\/\/www.actualidadadiario.com\/index.php\/wp-json\/wp\/v2\/users\/3"}],"replies":[{"embeddable":true,"href":"https:\/\/www.actualidadadiario.com\/index.php\/wp-json\/wp\/v2\/comments?post=32715"}],"version-history":[{"count":1,"href":"https:\/\/www.actualidadadiario.com\/index.php\/wp-json\/wp\/v2\/posts\/32715\/revisions"}],"predecessor-version":[{"id":32716,"href":"https:\/\/www.actualidadadiario.com\/index.php\/wp-json\/wp\/v2\/posts\/32715\/revisions\/32716"}],"wp:featuredmedia":[{"embeddable":true,"href":"https:\/\/www.actualidadadiario.com\/index.php\/wp-json\/wp\/v2\/media\/30754"}],"wp:attachment":[{"href":"https:\/\/www.actualidadadiario.com\/index.php\/wp-json\/wp\/v2\/media?parent=32715"}],"wp:term":[{"taxonomy":"category","embeddable":true,"href":"https:\/\/www.actualidadadiario.com\/index.php\/wp-json\/wp\/v2\/categories?post=32715"},{"taxonomy":"post_tag","embeddable":true,"href":"https:\/\/www.actualidadadiario.com\/index.php\/wp-json\/wp\/v2\/tags?post=32715"}],"curies":[{"name":"wp","href":"https:\/\/api.w.org\/{rel}","templated":true}]}}