{"id":32707,"date":"2018-09-06T10:31:14","date_gmt":"2018-09-06T13:31:14","guid":{"rendered":"https:\/\/www.actualidadadiario.com\/?p=32707"},"modified":"2018-11-06T19:38:22","modified_gmt":"2018-11-06T22:38:22","slug":"bordet-se-pronuncio-por-consolidar-principios-de-cooperacion-e-integracion-con-uruguay","status":"publish","type":"post","link":"https:\/\/www.actualidadadiario.com\/index.php\/2018\/09\/06\/bordet-se-pronuncio-por-consolidar-principios-de-cooperacion-e-integracion-con-uruguay\/","title":{"rendered":"Bordet se pronunci\u00f3 por \u201cconsolidar principios de cooperaci\u00f3n e integraci\u00f3n\u201d con Uruguay"},"content":{"rendered":"<p><em><strong>El gobernador Gustavo Bordet acompa\u00f1\u00f3 a 20 empresas entrerrianas a promover en Montevideo su oferta exportable en la muestra agroindustrial m\u00e1s importante de Uruguay<\/strong><\/em><\/p>\n<p>&nbsp;<\/p>\n<p>&nbsp;<\/p>\n<p>&nbsp;<\/p>\n<p>\u201cExpo Prado es una oportunidad para conocer e intercambiar experiencias mutuas sobre sistemas agroproductivos que son similares y para tener nuevas oportunidades\u201d, dijo el mandatario.<\/p>\n<p>&nbsp;<\/p>\n<p>Bordet, junto a su par de Santa Fe, el socialista Miguel Lifschitz, particip\u00f3 de la apertura de la 113\u00aa edici\u00f3n de la Exposici\u00f3n Internacional de Ganader\u00eda y Muestra Internacional Agro Industrial y Comercial su, se desarrolla hasta el 16 de setiembre en el Predio de La Rural en Montevideo.<\/p>\n<p>&nbsp;<\/p>\n<p>\u201cCompartimos una extensa frontera con Uruguay, a trav\u00e9s de nuestro r\u00edo Uruguay com\u00fan, y estar aqu\u00ed significa no s\u00f3lo oportunidades de negocios sino fortalecer y consolidar principios de cooperaci\u00f3n y de integraci\u00f3n\u201d, dijo el entrerriano.<\/p>\n<p>&nbsp;<\/p>\n<p>A su vez, junto al embajador argentino en la Rep\u00fablica Oriental del Uruguay, Mario Barletta, Bordet destac\u00f3: \u201cTenemos una larga historia de amistad con los intendentes municipales uruguayos y con la provincia de Entre R\u00edos, a ambas m\u00e1rgenes del r\u00edo, y tambi\u00e9n aprovechamos la ocasi\u00f3n para venir con empresarios de nuestra provincia\u201d.<\/p>\n<p>&nbsp;<\/p>\n<p>\u201cTodos los a\u00f1os venimos a Montevideo en misiones comerciales que tienen como finalidad una efectiva integraci\u00f3n porque tenemos sistemas agroproductivos similares, y es muy bueno complementarnos, transferir conocimientos y experiencias mutuas para poder enriquecernos y salir, como regi\u00f3n, a vender al mundo\u201d, sostuvo Bordet.<\/p>\n<p>&nbsp;<\/p>\n<p>&nbsp;<\/p>\n<p><strong>Proyectos comunes<\/strong><\/p>\n<p>\u201cTenemos un proyecto binacional muy importante, con una operatoria BID entre los municipios de Concordia y Salto, que tiene un desarrollo total de 50 millones de d\u00f3lares\u201d, record\u00f3 Bordet a prensa uruguaya.<\/p>\n<p>&nbsp;<\/p>\n<p>\u201cLa primera es una obra de infraestructura muy grande, que es el aeropuerto binacional que estar\u00e1 asentado en Concordia. La primera etapa de este cr\u00e9dito tambi\u00e9n incluye la integraci\u00f3n de los sistemas productivos que son muy parecidos: citrus dulces, ar\u00e1ndanos, y turismo, que nos d\u00e9 una marca de regi\u00f3n y nos posibilite entre salte\u00f1os y concordienses poder salir al mundo con una oferta exportable y tur\u00edstica com\u00fan&#8221;, precis\u00f3.<\/p>\n<p>&nbsp;<\/p>\n<p>&#8220;Despu\u00e9s viene otra etapa del proyecto que es la puesta en valor y en funcionamiento del puerto de Salto y el puente vecinal, que una las ciudades de Salto y Concordia&#8221;, continu\u00f3 Bordet.<\/p>\n<p>&nbsp;<\/p>\n<p>El mandatario apunt\u00f3 que &#8220;en pocos d\u00edas estar\u00e1 culminando el dragado del r\u00edo Uruguay, algo por lo que luchamos mucho intendentes uruguayos y argentinos para que podamos tener navegable el r\u00edo Uruguay&#8221;, y subray\u00f3 que &#8220;se trabaja ensamblados, que es lo que corresponde&#8221;.<\/p>\n<p>&nbsp;<\/p>\n<p>&nbsp;<\/p>\n<p><strong>Situaci\u00f3n econ\u00f3mica argentina<\/strong><\/p>\n<p>En el marco del proceso devaluatorio que est\u00e1 sufriendo la Argentina, &#8220;cambian las relaciones porque nuestras monedas favorecen a un lado o a otro lado, y esto hace que el comercio se intensifique&#8221;, explic\u00f3 Bordet ante una pregunta puntual.<\/p>\n<p>&nbsp;<\/p>\n<p>&#8220;Sucede que hemos tenido una gran devaluaci\u00f3n de nuestra moneda que nos ha golpeado seriamente y ha producido que muchos uruguayos vayan a comprar a Argentina. Entendemos que es un tema estacional y ojal\u00e1 pronto podamos superar esta coyuntura porque Argentina necesita tener reglas claras para poder avanzar en nuestros objetivos de gobierno&#8221;, plante\u00f3 en este contexto.<\/p>\n<p>&nbsp;<\/p>\n<p>&nbsp;<\/p>\n<p><strong>V\u00ednculos en la frontera argentino-uruguaya<\/strong><\/p>\n<p>El mandatario se refiri\u00f3 por \u00faltimo a las medidas de la Aduana uruguaya que controla las compras en Argentina, y dijo que aunque &#8220;ha habido quejas de algunos centros comerciales, uno entiende que es estacional y si queremos ser competitivos no podemos estar esperando a medidas devaluatorias para serlo. Hay que ser competitivos con estructura de costos&#8221;. Y asegur\u00f3 que acercar\u00e1 posiciones ante los comerciantes de la zona de Salto, Paysand\u00fa y Fray Bentos &#8220;para que se pueda convivir integrados&#8221;.<\/p>\n<p>&nbsp;<\/p>\n<p>El secretario de Producci\u00f3n de Entre R\u00edos, \u00c1lvaro Gab\u00e1s; el coordinador del \u00c1rea de Exportaciones de Entre R\u00edos, Santiago Escales; el secretario de Alimentos y Bioeconom\u00eda, Andr\u00e9s Murchison; y el vicepresidente de la Asociaci\u00f3n Rural del Uruguay, Jos\u00e9 B\u00f3nica Henderson, tambi\u00e9n participaron de la apertura de la Expo Prado.<\/p>\n","protected":false},"excerpt":{"rendered":"<p>El gobernador Gustavo Bordet acompa\u00f1\u00f3 a 20 empresas entrerrianas a promover en Montevideo su oferta exportable en la muestra agroindustrial m\u00e1s importante de Uruguay &nbsp; &nbsp; &nbsp; \u201cExpo Prado es una oportunidad para conocer e intercambiar experiencias mutuas sobre sistemas agroproductivos que son similares y para tener nuevas oportunidades\u201d, dijo el mandatario. &nbsp; Bordet, junto a su par de Santa Fe, el socialista Miguel Lifschitz, particip\u00f3 de la apertura de la 113\u00aa edici\u00f3n de la Exposici\u00f3n Internacional de Ganader\u00eda y Muestra Internacional Agro Industrial y Comercial su, se desarrolla hasta&#8230;<\/p>\n","protected":false},"author":3,"featured_media":32708,"comment_status":"closed","ping_status":"closed","sticky":false,"template":"","format":"standard","meta":[],"categories":[9,15],"tags":[],"_links":{"self":[{"href":"https:\/\/www.actualidadadiario.com\/index.php\/wp-json\/wp\/v2\/posts\/32707"}],"collection":[{"href":"https:\/\/www.actualidadadiario.com\/index.php\/wp-json\/wp\/v2\/posts"}],"about":[{"href":"https:\/\/www.actualidadadiario.com\/index.php\/wp-json\/wp\/v2\/types\/post"}],"author":[{"embeddable":true,"href":"https:\/\/www.actualidadadiario.com\/index.php\/wp-json\/wp\/v2\/users\/3"}],"replies":[{"embeddable":true,"href":"https:\/\/www.actualidadadiario.com\/index.php\/wp-json\/wp\/v2\/comments?post=32707"}],"version-history":[{"count":1,"href":"https:\/\/www.actualidadadiario.com\/index.php\/wp-json\/wp\/v2\/posts\/32707\/revisions"}],"predecessor-version":[{"id":32709,"href":"https:\/\/www.actualidadadiario.com\/index.php\/wp-json\/wp\/v2\/posts\/32707\/revisions\/32709"}],"wp:featuredmedia":[{"embeddable":true,"href":"https:\/\/www.actualidadadiario.com\/index.php\/wp-json\/wp\/v2\/media\/32708"}],"wp:attachment":[{"href":"https:\/\/www.actualidadadiario.com\/index.php\/wp-json\/wp\/v2\/media?parent=32707"}],"wp:term":[{"taxonomy":"category","embeddable":true,"href":"https:\/\/www.actualidadadiario.com\/index.php\/wp-json\/wp\/v2\/categories?post=32707"},{"taxonomy":"post_tag","embeddable":true,"href":"https:\/\/www.actualidadadiario.com\/index.php\/wp-json\/wp\/v2\/tags?post=32707"}],"curies":[{"name":"wp","href":"https:\/\/api.w.org\/{rel}","templated":true}]}}