{"id":32704,"date":"2018-09-06T10:30:29","date_gmt":"2018-09-06T13:30:29","guid":{"rendered":"https:\/\/www.actualidadadiario.com\/?p=32704"},"modified":"2018-11-06T19:38:22","modified_gmt":"2018-11-06T22:38:22","slug":"se-firmaran-escrituras-de-dos-grupos-habitacionales-de-concordia","status":"publish","type":"post","link":"https:\/\/www.actualidadadiario.com\/index.php\/2018\/09\/06\/se-firmaran-escrituras-de-dos-grupos-habitacionales-de-concordia\/","title":{"rendered":"Se firmar\u00e1n escrituras de dos grupos habitacionales de Concordia"},"content":{"rendered":"<p><em><strong>En el marco de la pol\u00edtica de regularizaci\u00f3n dominial que lleva adelante el gobierno provincial, a trav\u00e9s del Instituto Aut\u00e1rquico de Planeamiento y Vivienda (IAPV), se firmar\u00e1n las escrituras hipotecadas de dos grupos habitacionales que el organismo ejecut\u00f3 en Concordia<\/strong><\/em><\/p>\n<p>&nbsp;<\/p>\n<p>&nbsp;<\/p>\n<p>&nbsp;<\/p>\n<p>&nbsp;<\/p>\n<p>&nbsp;<\/p>\n<p>La Escriban\u00eda Mayor del Gobierno de Entre R\u00edos y el IAPV encabezar\u00e1n este jueves a las 9:30 en la sede de la Regional Salto Grande, ubicada en La Rioja 618 de Concordia, la firma de las escrituras hipotecadas que alcanzar\u00e1 a propietarios de los barrios 67 viviendas pertenecientes a la Asociaci\u00f3n Civil Sim\u00f3n Bol\u00edvar y 77 viviendas de la Asociaci\u00f3n Civil 24 de Octubre.<\/p>\n<p>&nbsp;<\/p>\n<p>El titular del IAPV, Marcelo Casaretto, resalt\u00f3 \u201cel compromiso y la decisi\u00f3n del gobernador Gustavo Bordet de avanzar en la escrituraci\u00f3n de las viviendas construidas por el Estado en el territorio provincial a trav\u00e9s de un programa de regularizaci\u00f3n dominial\u201d.<\/p>\n<p>&nbsp;<\/p>\n<p>El funcionario indic\u00f3 que \u201ca partir de tener la escritura propia las familias empezar\u00e1n a construir otros sue\u00f1os, porque el gran desaf\u00edo era tener la propiedad de la misma y de ahora en adelante podr\u00e1n tener ese car\u00e1cter de propietario\u201d.<\/p>\n<p>&nbsp;<\/p>\n<p>\u201cEstos vecinos se sentir\u00e1n ciudadanos plenos porque tener una escritura les da derechos, se sienten parte de la ciudad y el d\u00eda de ma\u00f1ana les pueden dejar a sus hijos como herencia\u201d, asever\u00f3.<\/p>\n<p>&nbsp;<\/p>\n<p>Asimismo Casaretto se\u00f1al\u00f3 que el t\u00edtulo de propiedad \u201cles permite proyectar un futuro mejor a sus habitantes, y nuestro deber es trabajar para que haya cada vez m\u00e1s hogares en la provincia donde nuestros hijos se puedan realizar y donde progresemos como comunidad\u201d.<\/p>\n<p>&nbsp;<\/p>\n<p>Dentro del Programa de Regularizaci\u00f3n Dominial, la repartici\u00f3n provincial trabaja en forma articulada con el Colegio de Agrimensores y el Colegio de Ingenieros Civiles para realizar las mensuras, y con el Colegio de Escribanos y la Escriban\u00eda Mayor de Gobierno para las escrituras.<\/p>\n<p>&nbsp;<\/p>\n","protected":false},"excerpt":{"rendered":"<p>En el marco de la pol\u00edtica de regularizaci\u00f3n dominial que lleva adelante el gobierno provincial, a trav\u00e9s del Instituto Aut\u00e1rquico de Planeamiento y Vivienda (IAPV), se firmar\u00e1n las escrituras hipotecadas de dos grupos habitacionales que el organismo ejecut\u00f3 en Concordia &nbsp; &nbsp; &nbsp; &nbsp; &nbsp; La Escriban\u00eda Mayor del Gobierno de Entre R\u00edos y el IAPV encabezar\u00e1n este jueves a las 9:30 en la sede de la Regional Salto Grande, ubicada en La Rioja 618 de Concordia, la firma de las escrituras hipotecadas que alcanzar\u00e1 a propietarios de los barrios&#8230;<\/p>\n","protected":false},"author":3,"featured_media":32705,"comment_status":"closed","ping_status":"closed","sticky":false,"template":"","format":"standard","meta":[],"categories":[9,15],"tags":[],"_links":{"self":[{"href":"https:\/\/www.actualidadadiario.com\/index.php\/wp-json\/wp\/v2\/posts\/32704"}],"collection":[{"href":"https:\/\/www.actualidadadiario.com\/index.php\/wp-json\/wp\/v2\/posts"}],"about":[{"href":"https:\/\/www.actualidadadiario.com\/index.php\/wp-json\/wp\/v2\/types\/post"}],"author":[{"embeddable":true,"href":"https:\/\/www.actualidadadiario.com\/index.php\/wp-json\/wp\/v2\/users\/3"}],"replies":[{"embeddable":true,"href":"https:\/\/www.actualidadadiario.com\/index.php\/wp-json\/wp\/v2\/comments?post=32704"}],"version-history":[{"count":1,"href":"https:\/\/www.actualidadadiario.com\/index.php\/wp-json\/wp\/v2\/posts\/32704\/revisions"}],"predecessor-version":[{"id":32706,"href":"https:\/\/www.actualidadadiario.com\/index.php\/wp-json\/wp\/v2\/posts\/32704\/revisions\/32706"}],"wp:featuredmedia":[{"embeddable":true,"href":"https:\/\/www.actualidadadiario.com\/index.php\/wp-json\/wp\/v2\/media\/32705"}],"wp:attachment":[{"href":"https:\/\/www.actualidadadiario.com\/index.php\/wp-json\/wp\/v2\/media?parent=32704"}],"wp:term":[{"taxonomy":"category","embeddable":true,"href":"https:\/\/www.actualidadadiario.com\/index.php\/wp-json\/wp\/v2\/categories?post=32704"},{"taxonomy":"post_tag","embeddable":true,"href":"https:\/\/www.actualidadadiario.com\/index.php\/wp-json\/wp\/v2\/tags?post=32704"}],"curies":[{"name":"wp","href":"https:\/\/api.w.org\/{rel}","templated":true}]}}