{"id":32701,"date":"2018-09-06T10:29:47","date_gmt":"2018-09-06T13:29:47","guid":{"rendered":"https:\/\/www.actualidadadiario.com\/?p=32701"},"modified":"2018-11-06T19:38:22","modified_gmt":"2018-11-06T22:38:22","slug":"el-gobierno-nacional-esta-debilitado-y-sin-rumbo","status":"publish","type":"post","link":"https:\/\/www.actualidadadiario.com\/index.php\/2018\/09\/06\/el-gobierno-nacional-esta-debilitado-y-sin-rumbo\/","title":{"rendered":"\u201cEl Gobierno nacional est\u00e1 debilitado y sin rumbo\u201d"},"content":{"rendered":"<p><em><strong>As\u00ed lo sostuvo en una entrevista el diputado justicialista Juan Jos\u00e9 Bahillo al referirse a las medidas impulsadas por el presidente Macri y su equipo en el intento por equilibrar la econom\u00eda del pa\u00eds<\/strong><\/em><\/p>\n<p>&nbsp;<\/p>\n<p>&nbsp;<\/p>\n<p>&nbsp;<\/p>\n<p>&nbsp;<\/p>\n<p>El diputado nacional del Frente Justicialista Somos Entre R\u00edos, manifest\u00f3 su opini\u00f3n respecto a los anuncios del presidente Mauricio Macri\u00a0 y del ministro Nicol\u00e1s Dujovne en relaci\u00f3n a las nuevas medidas para palear la crisis y expres\u00f3 que: \u201dEl presidente tuvo la posibilidad el fin de semana, ante una demostraci\u00f3n del fracaso de su programa econ\u00f3mico y de su programa financiero, con las nuevas subas del d\u00f3lar y la consecuente suba de la inflaci\u00f3n posterior, de revisar su modelo econ\u00f3mico, hacer correcciones y generar, por sobre todas las cosas, un gran acuerdo pol\u00edtico. Me parece que esta crisis que tiene el Gobierno y esta falta de credibilidad es porque se lo ve muy debilitado, con una falta de rumbo y con una impericia muy importante para manejar estas situaciones de crisis\u201d.<\/p>\n<p>&nbsp;<\/p>\n<p>Adem\u00e1s Bahillo agreg\u00f3: \u201cDe esto se sale con m\u00e1s pol\u00edtica, con un acuerdo pol\u00edtico importante tanto con la oposici\u00f3n como con sectores de la producci\u00f3n, del trabajo, sectores sociales. Creo que hay tratar de unir en estos momentos de crisis a todo el pa\u00eds, generar una l\u00ednea de trabajo program\u00e1tica que preserve el trabajo de los argentinos, la producci\u00f3n, las Pymes, el comercio\u201d.<\/p>\n<p>&nbsp;<\/p>\n<p>\u201cNecesitamos salir de esta l\u00f3gica del ajuste que tanto da\u00f1o nos est\u00e1 haciendo. Me parece que el presidente no deber\u00eda haber ido por el camino del aislamiento y profundizar las medidas que ya hemos visto que han fracasado\u201d, sostuvo el funcionario peronista.<\/p>\n<p>&nbsp;<\/p>\n<p>Al referirse puntualmente a la decisi\u00f3n del jefe de Estado de volver a las retenciones para el sector exportador, Bahillo manifest\u00f3: \u201cIndudablemente es una idea en el marco de una urgencia muy fuerte. Nosotros no compartimos. Todas las retenciones son malas, m\u00e1s all\u00e1 que fueron entendidas en momentos coyunturales como una herramienta para salvar a la naci\u00f3n de los ingresos, pero cuando se las aplica de manera lineal, sin distinguir a los distintos sectores de la producci\u00f3n se producen errores e injusticias importantes\u201d.<\/p>\n<p>&nbsp;<\/p>\n<p>&nbsp;<\/p>\n<p>&nbsp;<\/p>\n<p>\u201cNo hay pa\u00eds que grave a las exportaciones de nivel agregado, como son las exportaciones industriales, manufactureras. Otra cosa es el sector primario, donde a veces inclusive se lo grava con retenciones para alentar la incorporaci\u00f3n de valor agregado, exportar este valor, y obviamente no gravarlo, pero ac\u00e1 se grava a todos por igual. Hay actividades productivas geogr\u00e1ficas que son muy distintas, no es lo mismo un productor de soja que est\u00e1 a 50 kil\u00f3metros del Puerto de Buenos Aires que un productor de soja de Santiago del Estero, de Salta que est\u00e1 a miles de kil\u00f3metros del puerto, ah\u00ed se lo grava de la misma manera. Por lo tanto, para el que est\u00e1 alejado de los puertos es un perjuicio a\u00fan mayor\u201d, explic\u00f3 el diputado.<\/p>\n<p>&nbsp;<\/p>\n<p>Y sostuvo que. \u201cHay muchas industrias que agregan mucho valor, que tienen una mano de obra intensiva. Por lo tanto, hasta tienen una rentabilidad muy baja. Hay industrias que venden en el mercado interno y tambi\u00e9n externo, hay otras que solo exportan. Por lo tanto, hay realidades de estructura y de mercado muy distintas y cuando se las iguala, se las generaliza, a alguna se le puede ocasionar un perjuicio muy importante\u201d.<\/p>\n<p>&nbsp;<\/p>\n<p>\u201cMe parece que se deber\u00eda haber evaluado esta medida por sector y, obviamente, desalentar totalmente lo que son las retenciones a los sectores que agregan valor y que tienen un uso de mano de obra intensivo\u201d, concluy\u00f3.<\/p>\n<p>&nbsp;<\/p>\n","protected":false},"excerpt":{"rendered":"<p>As\u00ed lo sostuvo en una entrevista el diputado justicialista Juan Jos\u00e9 Bahillo al referirse a las medidas impulsadas por el presidente Macri y su equipo en el intento por equilibrar la econom\u00eda del pa\u00eds &nbsp; &nbsp; &nbsp; &nbsp; El diputado nacional del Frente Justicialista Somos Entre R\u00edos, manifest\u00f3 su opini\u00f3n respecto a los anuncios del presidente Mauricio Macri\u00a0 y del ministro Nicol\u00e1s Dujovne en relaci\u00f3n a las nuevas medidas para palear la crisis y expres\u00f3 que: \u201dEl presidente tuvo la posibilidad el fin de semana, ante una demostraci\u00f3n del fracaso&#8230;<\/p>\n","protected":false},"author":3,"featured_media":32702,"comment_status":"closed","ping_status":"closed","sticky":false,"template":"","format":"standard","meta":[],"categories":[15],"tags":[],"_links":{"self":[{"href":"https:\/\/www.actualidadadiario.com\/index.php\/wp-json\/wp\/v2\/posts\/32701"}],"collection":[{"href":"https:\/\/www.actualidadadiario.com\/index.php\/wp-json\/wp\/v2\/posts"}],"about":[{"href":"https:\/\/www.actualidadadiario.com\/index.php\/wp-json\/wp\/v2\/types\/post"}],"author":[{"embeddable":true,"href":"https:\/\/www.actualidadadiario.com\/index.php\/wp-json\/wp\/v2\/users\/3"}],"replies":[{"embeddable":true,"href":"https:\/\/www.actualidadadiario.com\/index.php\/wp-json\/wp\/v2\/comments?post=32701"}],"version-history":[{"count":1,"href":"https:\/\/www.actualidadadiario.com\/index.php\/wp-json\/wp\/v2\/posts\/32701\/revisions"}],"predecessor-version":[{"id":32703,"href":"https:\/\/www.actualidadadiario.com\/index.php\/wp-json\/wp\/v2\/posts\/32701\/revisions\/32703"}],"wp:featuredmedia":[{"embeddable":true,"href":"https:\/\/www.actualidadadiario.com\/index.php\/wp-json\/wp\/v2\/media\/32702"}],"wp:attachment":[{"href":"https:\/\/www.actualidadadiario.com\/index.php\/wp-json\/wp\/v2\/media?parent=32701"}],"wp:term":[{"taxonomy":"category","embeddable":true,"href":"https:\/\/www.actualidadadiario.com\/index.php\/wp-json\/wp\/v2\/categories?post=32701"},{"taxonomy":"post_tag","embeddable":true,"href":"https:\/\/www.actualidadadiario.com\/index.php\/wp-json\/wp\/v2\/tags?post=32701"}],"curies":[{"name":"wp","href":"https:\/\/api.w.org\/{rel}","templated":true}]}}