{"id":32697,"date":"2018-09-05T11:02:03","date_gmt":"2018-09-05T14:02:03","guid":{"rendered":"https:\/\/www.actualidadadiario.com\/?p=32697"},"modified":"2018-11-06T19:38:22","modified_gmt":"2018-11-06T22:38:22","slug":"nahir-galarza-condenada-a-cadena-perpetua-por-matar-a-su-novio-sera-trasladada-a-una-carcel-comun","status":"publish","type":"post","link":"https:\/\/www.actualidadadiario.com\/index.php\/2018\/09\/05\/nahir-galarza-condenada-a-cadena-perpetua-por-matar-a-su-novio-sera-trasladada-a-una-carcel-comun\/","title":{"rendered":"Nahir Galarza, condenada a cadena perpetua por matar a su novio, ser\u00e1 trasladada a una c\u00e1rcel com\u00fan"},"content":{"rendered":"<p><em><strong>La joven, que cumplir\u00e1 20 a\u00f1os el pr\u00f3ximo 11 de septiembre, ser\u00e1 trasladada a la Unidad Penal 6 de Paran\u00e1, una prisi\u00f3n de mujeres de esta provincia<\/strong><\/em><\/p>\n<p>&nbsp;<\/p>\n<p>&nbsp;<\/p>\n<p>&nbsp;<\/p>\n<p>&nbsp;<\/p>\n<p>La condenada a cadena perpetua Nahir Galarza, la joven de 19 a\u00f1os que asesin\u00f3 el pasado 29 de diciembre de dos disparos a su novio, Fernando Pastorizzo, ser\u00e1 trasladada a una c\u00e1rcel com\u00fan, seg\u00fan han informado varios medios argentinos este martes. La joven, que cumplir\u00e1 20 a\u00f1os el pr\u00f3ximo 11 de septiembre, ser\u00e1 trasladada a la Unidad Penal 6 de Paran\u00e1 \u2014una prisi\u00f3n de mujeres de esta provincia\u2014 tras pasar ocho meses en la Comisar\u00eda del Menor y la Mujer.<\/p>\n<p>&nbsp;<\/p>\n<p>&#8220;El Servicio Penitenciario puede brindar condiciones que una comisar\u00eda no tiene. Ahora Nahir no puede practicar deportes, ni tiene contacto con nadie, salvo en el horario de visita que consiste en dos horas semanales, mientras que en una unidad penal ella establecer\u00eda contacto con internas en su misma condici\u00f3n&#8221;, dijeron fuentes judiciales al sitio local R2820 para explicar la decisi\u00f3n del traslado, seg\u00fan informa la web TN. El traslado se realiza porque Galarza hab\u00eda agotado el plazo m\u00e1ximo que puede estar un preso en una comisar\u00eda.<\/p>\n<p>&nbsp;<\/p>\n<p>El pasado julio, la Justicia argentina conden\u00f3 a la pena m\u00e1xima a Nahir Galarza. El tribunal de Gualeguaych\u00fa, en la provincia de Entre R\u00edos (norte de Buenos Aires), consider\u00f3 probado que Galarza quiso matar a Pastorizzo y que no fue un accidente, tal y como defendi\u00f3 la acusada durante el juicio. &#8220;Fueron tiros intencionados y dirigidos&#8221;, dijo el tribunal durante la lectura de la sentencia, en la que la conden\u00f3 por homicidio calificado agravado por el v\u00ednculo. El crimen conmocion\u00f3 Gualeguaych\u00fa.<\/p>\n<p>&nbsp;<\/p>\n<p>Galarza y Pastorizzo tuvieron una fuerte discusi\u00f3n en v\u00edsperas de Navidad y d\u00edas despu\u00e9s la joven llam\u00f3 a su novio para quedar por la noche. Galarza lleg\u00f3 a la cita con el arma reglamentaria de su padre polic\u00eda encima, se subi\u00f3 a la moto de Pastorizzo y a poco de andar dispar\u00f3 la pistola sobre el joven. &#8220;El segundo disparo fue de frente&#8221;, cuando Pastorizzo estaba malherido, declar\u00f3 el tribunal en la lectura de sentencia. Durante el juicio, Galarza se declar\u00f3 v\u00edctima de violencia de g\u00e9nero y acus\u00f3 a Pastorizzo de maltratador. Pero el tribunal consider\u00f3 que no exist\u00edan evidencias y descart\u00f3 el pedido de los abogados de la acusada como atenuante de la condena.<\/p>\n<p>&nbsp;<\/p>\n<p>El fallo a\u00fan no es firme y puede ser recurrido. Uno de los abogados de Galarza, Horacio Dargainz, sembr\u00f3 dudas sobre la rapidez con la que los jueces estudiaron las pruebas de este caso, uno de los m\u00e1s medi\u00e1ticos de los \u00faltimos a\u00f1os. Si tribunales superiores ratifican la condena, Galarza no podr\u00e1 solicitar beneficios penitenciarios hasta que cumpla 35 a\u00f1os de c\u00e1rcel.<\/p>\n","protected":false},"excerpt":{"rendered":"<p>La joven, que cumplir\u00e1 20 a\u00f1os el pr\u00f3ximo 11 de septiembre, ser\u00e1 trasladada a la Unidad Penal 6 de Paran\u00e1, una prisi\u00f3n de mujeres de esta provincia &nbsp; &nbsp; &nbsp; &nbsp; La condenada a cadena perpetua Nahir Galarza, la joven de 19 a\u00f1os que asesin\u00f3 el pasado 29 de diciembre de dos disparos a su novio, Fernando Pastorizzo, ser\u00e1 trasladada a una c\u00e1rcel com\u00fan, seg\u00fan han informado varios medios argentinos este martes. La joven, que cumplir\u00e1 20 a\u00f1os el pr\u00f3ximo 11 de septiembre, ser\u00e1 trasladada a la Unidad Penal 6&#8230;<\/p>\n","protected":false},"author":3,"featured_media":32698,"comment_status":"closed","ping_status":"closed","sticky":false,"template":"","format":"standard","meta":[],"categories":[4],"tags":[],"_links":{"self":[{"href":"https:\/\/www.actualidadadiario.com\/index.php\/wp-json\/wp\/v2\/posts\/32697"}],"collection":[{"href":"https:\/\/www.actualidadadiario.com\/index.php\/wp-json\/wp\/v2\/posts"}],"about":[{"href":"https:\/\/www.actualidadadiario.com\/index.php\/wp-json\/wp\/v2\/types\/post"}],"author":[{"embeddable":true,"href":"https:\/\/www.actualidadadiario.com\/index.php\/wp-json\/wp\/v2\/users\/3"}],"replies":[{"embeddable":true,"href":"https:\/\/www.actualidadadiario.com\/index.php\/wp-json\/wp\/v2\/comments?post=32697"}],"version-history":[{"count":1,"href":"https:\/\/www.actualidadadiario.com\/index.php\/wp-json\/wp\/v2\/posts\/32697\/revisions"}],"predecessor-version":[{"id":32699,"href":"https:\/\/www.actualidadadiario.com\/index.php\/wp-json\/wp\/v2\/posts\/32697\/revisions\/32699"}],"wp:featuredmedia":[{"embeddable":true,"href":"https:\/\/www.actualidadadiario.com\/index.php\/wp-json\/wp\/v2\/media\/32698"}],"wp:attachment":[{"href":"https:\/\/www.actualidadadiario.com\/index.php\/wp-json\/wp\/v2\/media?parent=32697"}],"wp:term":[{"taxonomy":"category","embeddable":true,"href":"https:\/\/www.actualidadadiario.com\/index.php\/wp-json\/wp\/v2\/categories?post=32697"},{"taxonomy":"post_tag","embeddable":true,"href":"https:\/\/www.actualidadadiario.com\/index.php\/wp-json\/wp\/v2\/tags?post=32697"}],"curies":[{"name":"wp","href":"https:\/\/api.w.org\/{rel}","templated":true}]}}