{"id":32694,"date":"2018-09-05T11:01:23","date_gmt":"2018-09-05T14:01:23","guid":{"rendered":"https:\/\/www.actualidadadiario.com\/?p=32694"},"modified":"2018-11-06T19:38:22","modified_gmt":"2018-11-06T22:38:22","slug":"pekerman-se-despide-de-la-seleccion-de-colombia","status":"publish","type":"post","link":"https:\/\/www.actualidadadiario.com\/index.php\/2018\/09\/05\/pekerman-se-despide-de-la-seleccion-de-colombia\/","title":{"rendered":"Pekerman se despide de la selecci\u00f3n de Colombia"},"content":{"rendered":"<p><em><strong>El argentino cierra un ciclo despu\u00e9s de dirigir a los cafeteros en dos Mundiales<\/strong><\/em><\/p>\n<p>&nbsp;<\/p>\n<p>&nbsp;<\/p>\n<p>&nbsp;<\/p>\n<p>&nbsp;<\/p>\n<p>El ciclo de Jos\u00e9 N\u00e9stor Pekerman al frente de la selecci\u00f3n colombiana de f\u00fatbol ha llegado a su fin. No por dilatado, el adi\u00f3s del entrenador argentino con el que los cafeteros dieron un notorio salto de calidad en los Mundiales de Brasil y Rusia ha sido menos doloroso. Con su liderazgo tranquilo, sin estridencias, \u2018don Jos\u00e9\u2019 se hab\u00eda metido en el bolsillo a los colombianos durante los seis a\u00f1os que estuvo al frente del equipo.<\/p>\n<p>&nbsp;<\/p>\n<p>&#8220;Jos\u00e9 Pekerman ha manifestado su decisi\u00f3n de retirarse de la selecci\u00f3n Colombia de mayores, da por cumplido un ciclo que fue altamente exitoso&#8221;, manifest\u00f3 este martes Ram\u00f3n Jesur\u00fan, el presidente de la Federaci\u00f3n Colombiana de F\u00fatbol, a la salida de una reuni\u00f3n que se prolong\u00f3 m\u00e1s de tres horas. \u201cSiento que los objetivos planteados fueron cumplidos\u201d, declar\u00f3 por su parte el t\u00e9cnico de 69 a\u00f1os, cuyo contrato hab\u00eda expirado el 31 de agosto, tras el anuncio que acab\u00f3 con la larga espera de los aficionados.<\/p>\n<p>&nbsp;<\/p>\n<p>Colombia cay\u00f3 por penaltis ante Inglaterra en octavos de final del Mundial, tras igualar con un gol del defensa Yerry Mina. En los \u00faltimos d\u00edas, varios directivos del f\u00fatbol colombiano hab\u00edan manifestado que renovar a Pekerman era el \u00fanico camino.<\/p>\n<p>&nbsp;<\/p>\n<p>Su continuidad, sin embargo, divid\u00eda opiniones en la prensa deportiva, y el futuro del banquillo colombiano se convirti\u00f3 en un hervidero de rumores. Diversas versiones apuntaban al colombiano Juan Carlos Osorio, que alcanz\u00f3 con M\u00e9xico los octavos de final en Rusia, pero Paraguay lo anunci\u00f3 el lunes como su nuevo entrenador. Por lo pronto, Colombia tendr\u00e1 un entrenador interino, Arturo Reyes, el seleccionador sub-20, en sus amistosos de este mes ante Venezuela y Argentina.<\/p>\n<p>&nbsp;<\/p>\n<p>&#8220;Hoy la Federaci\u00f3n Colombiana de F\u00fatbol no tiene ning\u00fan plan B, ning\u00fan plan C, ning\u00fan plan D, no tenemos candidatos ni nada, estamos apenas intentando asimilar la decisi\u00f3n que nos acaba de transmitir el profesor&#8221;, explic\u00f3 Jesur\u00fan.<\/p>\n<p>&nbsp;<\/p>\n<p>La hoja de servicios de Pekerman habla por s\u00ed misma. En Rusia se convirti\u00f3 en el entrenador que ha dirigido a Colombia en m\u00e1s partidos de Copa del Mundo (9), por encima de Francisco Maturana, y tambi\u00e9n en el argentino que m\u00e1s encuentros mundialistas ha dirigido, junto a Carlos Salvador Bilardo (14). En sus tres Mundiales al frente de Argentina (2006) y Colombia (2014 y 2018) ha ganado nueve partidos, empatado tres y perdido dos. Don Jos\u00e9 se marcha de Colombia invicto ante selecciones europeas desde que asumi\u00f3 el cargo en 2012.<\/p>\n<p>&nbsp;<\/p>\n<p>Pekerman era tremendamente popular en Colombia, como lo demostr\u00f3 el entusiasta recibimiento que cerca de un mill\u00f3n de personas le dio al equipo a la llegada de Rusia a pesar de que no pudo repetir el deslumbrante Mundial de cuatro a\u00f1os atr\u00e1s en Brasil, cuando alcanz\u00f3 los cuartos de final -su mejor actuaci\u00f3n hist\u00f3rica- y coron\u00f3 goleador a James Rodr\u00edguez.<\/p>\n","protected":false},"excerpt":{"rendered":"<p>El argentino cierra un ciclo despu\u00e9s de dirigir a los cafeteros en dos Mundiales &nbsp; &nbsp; &nbsp; &nbsp; El ciclo de Jos\u00e9 N\u00e9stor Pekerman al frente de la selecci\u00f3n colombiana de f\u00fatbol ha llegado a su fin. No por dilatado, el adi\u00f3s del entrenador argentino con el que los cafeteros dieron un notorio salto de calidad en los Mundiales de Brasil y Rusia ha sido menos doloroso. Con su liderazgo tranquilo, sin estridencias, \u2018don Jos\u00e9\u2019 se hab\u00eda metido en el bolsillo a los colombianos durante los seis a\u00f1os que estuvo&#8230;<\/p>\n","protected":false},"author":3,"featured_media":32695,"comment_status":"closed","ping_status":"closed","sticky":false,"template":"","format":"standard","meta":[],"categories":[4],"tags":[],"_links":{"self":[{"href":"https:\/\/www.actualidadadiario.com\/index.php\/wp-json\/wp\/v2\/posts\/32694"}],"collection":[{"href":"https:\/\/www.actualidadadiario.com\/index.php\/wp-json\/wp\/v2\/posts"}],"about":[{"href":"https:\/\/www.actualidadadiario.com\/index.php\/wp-json\/wp\/v2\/types\/post"}],"author":[{"embeddable":true,"href":"https:\/\/www.actualidadadiario.com\/index.php\/wp-json\/wp\/v2\/users\/3"}],"replies":[{"embeddable":true,"href":"https:\/\/www.actualidadadiario.com\/index.php\/wp-json\/wp\/v2\/comments?post=32694"}],"version-history":[{"count":1,"href":"https:\/\/www.actualidadadiario.com\/index.php\/wp-json\/wp\/v2\/posts\/32694\/revisions"}],"predecessor-version":[{"id":32696,"href":"https:\/\/www.actualidadadiario.com\/index.php\/wp-json\/wp\/v2\/posts\/32694\/revisions\/32696"}],"wp:featuredmedia":[{"embeddable":true,"href":"https:\/\/www.actualidadadiario.com\/index.php\/wp-json\/wp\/v2\/media\/32695"}],"wp:attachment":[{"href":"https:\/\/www.actualidadadiario.com\/index.php\/wp-json\/wp\/v2\/media?parent=32694"}],"wp:term":[{"taxonomy":"category","embeddable":true,"href":"https:\/\/www.actualidadadiario.com\/index.php\/wp-json\/wp\/v2\/categories?post=32694"},{"taxonomy":"post_tag","embeddable":true,"href":"https:\/\/www.actualidadadiario.com\/index.php\/wp-json\/wp\/v2\/tags?post=32694"}],"curies":[{"name":"wp","href":"https:\/\/api.w.org\/{rel}","templated":true}]}}