{"id":32688,"date":"2018-09-05T10:59:25","date_gmt":"2018-09-05T13:59:25","guid":{"rendered":"https:\/\/www.actualidadadiario.com\/?p=32688"},"modified":"2018-11-06T19:38:22","modified_gmt":"2018-11-06T22:38:22","slug":"a-pedido-de-eeuu-el-consejo-de-seguridad-de-la-onu-se-reune-para-discutir-sobre-nicaragua","status":"publish","type":"post","link":"https:\/\/www.actualidadadiario.com\/index.php\/2018\/09\/05\/a-pedido-de-eeuu-el-consejo-de-seguridad-de-la-onu-se-reune-para-discutir-sobre-nicaragua\/","title":{"rendered":"A pedido de EEUU, el Consejo de Seguridad de la ONU se re\u00fane para discutir sobre Nicaragua"},"content":{"rendered":"<p><em><strong>Estados Unidos anunci\u00f3 ayer la convocatoria para este mi\u00e9rcoles de una reuni\u00f3n sobre Nicaragua en el Consejo de Seguridad de la ONU, a pesar de la oposici\u00f3n de varios Estados miembros<\/strong><\/em><\/p>\n<p>&nbsp;<\/p>\n<p>&nbsp;<\/p>\n<p>&nbsp;<\/p>\n<p>&nbsp;<\/p>\n<p>&nbsp;<\/p>\n<p>La cita ser\u00e1 la primera ocasi\u00f3n en que el m\u00e1ximo \u00f3rgano de decisi\u00f3n de Naciones Unidas analice oficialmente la crisis en el pa\u00eds centroamericano.<\/p>\n<p>&nbsp;<\/p>\n<p>EE.UU., que este mes preside el Consejo de Seguridad, decidi\u00f3 organizar la reuni\u00f3n a pesar del \u201cno\u201d de varios pa\u00edses como Bolivia, Rusia o China, un desacuerdo que impidi\u00f3 adoptar formalmente el programa de trabajo para este mes.<\/p>\n<p>&nbsp;<\/p>\n<p>\u201cSi no creen que Nicaragua es una cuesti\u00f3n de paz y seguridad, les pido que hablen con los nicarag\u00fcenses\u201d, respondi\u00f3 tras escuchar esa postura Nikki Haley, la embajadora estadounidense ante la ONU. \u201c\u00bfCu\u00e1nta gente tiene que morir para que se convierta en una cuesti\u00f3n de paz y seguridad?\u201d, insisti\u00f3.<\/p>\n<p>&nbsp;<\/p>\n<p>Haley recalc\u00f3 la gravedad de la situaci\u00f3n en Nicaragua y defendi\u00f3 que el Consejo de Seguridad debe ocuparse del caso para evitar \u201cotra Siria\u201d u \u201cotra Venezuela\u201d. EE.UU. es muy cr\u00edtico con la gesti\u00f3n del Gobierno del presidente nicarag\u00fcense, Daniel Ortega, a quien responsabiliza de la crisis que se vive en el pa\u00eds.<\/p>\n<p>&nbsp;<\/p>\n<p>La divisi\u00f3n en torno a Nicaragua oblig\u00f3 ayer al Consejo de Seguridad a convocar de imprevisto una sesi\u00f3n p\u00fablica para discutir el programa de trabajo para este mes, una agenda que habitualmente se adopta por consenso y que en esta ocasi\u00f3n no pudo aprobarse.<\/p>\n<p>&nbsp;<\/p>\n<p>En la reuni\u00f3n, varios pa\u00edses se expresaron en contra de incluir la cuesti\u00f3n nicarag\u00fcense en el programa, mientras que otros respaldaron la postura de EE.UU, entre ellos Per\u00fa y los miembros de la Uni\u00f3n Europea (UE).<\/p>\n<p>&nbsp;<\/p>\n<p>Al final, Haley renunci\u00f3 a aprobar su agenda de trabajo, argumentando que es simplemente una pr\u00e1ctica habitual y no algo obligatorio, y anunci\u00f3 que su pa\u00eds convocaba de todos modos el encuentro sobre Nicaragua para hoy a partir de las 10.00 hora local (14.00 GMT). Se espera que en la cita participe, entre otros, el secretario general de la Organizaci\u00f3n de Estados Americanos (OEA), Luis Almagro.<\/p>\n<p>&nbsp;<\/p>\n<p>La Oficina del Alto Comisionado de las Naciones Unidas para los Derechos Humanos lament\u00f3 ayer la decisi\u00f3n del Gobierno nicarag\u00fcense de poner fin a la misi\u00f3n de investigaci\u00f3n de esta entidad en el pa\u00eds centroamericano.<\/p>\n<p>&nbsp;<\/p>\n<p>\u201cLamentamos la expulsi\u00f3n de nuestro equipo un d\u00eda despu\u00e9s de haber publicado nuestro informe. Mientras tanto, la protecci\u00f3n de los civiles es cada vez m\u00e1s dif\u00edcil\u201d al quedar limitados el acceso y control de la comunidad internacional, denunci\u00f3 en rueda de prensa la portavoz del organismo, Liz Throssell.<\/p>\n","protected":false},"excerpt":{"rendered":"<p>Estados Unidos anunci\u00f3 ayer la convocatoria para este mi\u00e9rcoles de una reuni\u00f3n sobre Nicaragua en el Consejo de Seguridad de la ONU, a pesar de la oposici\u00f3n de varios Estados miembros &nbsp; &nbsp; &nbsp; &nbsp; &nbsp; La cita ser\u00e1 la primera ocasi\u00f3n en que el m\u00e1ximo \u00f3rgano de decisi\u00f3n de Naciones Unidas analice oficialmente la crisis en el pa\u00eds centroamericano. &nbsp; EE.UU., que este mes preside el Consejo de Seguridad, decidi\u00f3 organizar la reuni\u00f3n a pesar del \u201cno\u201d de varios pa\u00edses como Bolivia, Rusia o China, un desacuerdo que impidi\u00f3&#8230;<\/p>\n","protected":false},"author":3,"featured_media":32689,"comment_status":"closed","ping_status":"closed","sticky":false,"template":"","format":"standard","meta":[],"categories":[4],"tags":[],"_links":{"self":[{"href":"https:\/\/www.actualidadadiario.com\/index.php\/wp-json\/wp\/v2\/posts\/32688"}],"collection":[{"href":"https:\/\/www.actualidadadiario.com\/index.php\/wp-json\/wp\/v2\/posts"}],"about":[{"href":"https:\/\/www.actualidadadiario.com\/index.php\/wp-json\/wp\/v2\/types\/post"}],"author":[{"embeddable":true,"href":"https:\/\/www.actualidadadiario.com\/index.php\/wp-json\/wp\/v2\/users\/3"}],"replies":[{"embeddable":true,"href":"https:\/\/www.actualidadadiario.com\/index.php\/wp-json\/wp\/v2\/comments?post=32688"}],"version-history":[{"count":1,"href":"https:\/\/www.actualidadadiario.com\/index.php\/wp-json\/wp\/v2\/posts\/32688\/revisions"}],"predecessor-version":[{"id":32690,"href":"https:\/\/www.actualidadadiario.com\/index.php\/wp-json\/wp\/v2\/posts\/32688\/revisions\/32690"}],"wp:featuredmedia":[{"embeddable":true,"href":"https:\/\/www.actualidadadiario.com\/index.php\/wp-json\/wp\/v2\/media\/32689"}],"wp:attachment":[{"href":"https:\/\/www.actualidadadiario.com\/index.php\/wp-json\/wp\/v2\/media?parent=32688"}],"wp:term":[{"taxonomy":"category","embeddable":true,"href":"https:\/\/www.actualidadadiario.com\/index.php\/wp-json\/wp\/v2\/categories?post=32688"},{"taxonomy":"post_tag","embeddable":true,"href":"https:\/\/www.actualidadadiario.com\/index.php\/wp-json\/wp\/v2\/tags?post=32688"}],"curies":[{"name":"wp","href":"https:\/\/api.w.org\/{rel}","templated":true}]}}