{"id":32685,"date":"2018-09-05T10:58:43","date_gmt":"2018-09-05T13:58:43","guid":{"rendered":"https:\/\/www.actualidadadiario.com\/?p=32685"},"modified":"2018-11-06T19:38:22","modified_gmt":"2018-11-06T22:38:22","slug":"identidad-de-genero-senado-chileno-aprueba-proyecto-de-ley-sin-incluir-a-menores-de-14-anos","status":"publish","type":"post","link":"https:\/\/www.actualidadadiario.com\/index.php\/2018\/09\/05\/identidad-de-genero-senado-chileno-aprueba-proyecto-de-ley-sin-incluir-a-menores-de-14-anos\/","title":{"rendered":"Identidad de g\u00e9nero: Senado chileno aprueba proyecto de ley sin incluir a menores de 14 a\u00f1os"},"content":{"rendered":"<p><em><strong>El Senado aprob\u00f3 este martes, con 26 votos a favor y 14 en contra, la Ley de Identidad de G\u00e9nero, por lo que adultos y adolescentes que tengan entre 14 y 18 a\u00f1os de edad podr\u00e1n optar al cambio de sexo registral<\/strong><\/em><\/p>\n<p>&nbsp;<\/p>\n<p>&nbsp;<\/p>\n<p>&nbsp;<\/p>\n<p>&nbsp;<\/p>\n<p>Sin embargo, los menores de 14 fueron excluidos de la iniciativa, debido a la falta de quorum. Este segundo punto del proyecto obtuvo 22 votos a favor y 18 en contra. Para su aprobaci\u00f3n, eran necesarios 25 votos.<\/p>\n<p>&nbsp;<\/p>\n<p>Es por esto que solo a partir de los 14 a\u00f1os una persona trans se podr\u00e1 acoger a la ley. Para hacerlo, se diferenci\u00f3 el procedimiento que deben hacer aquellos que tengan entre 14 y 18 a\u00f1os, y quienes sean mayores de edad. Para los primeros, el requerimiento se har\u00e1 en un tribunal de familia y el adolescente deber\u00e1 contar con el apoyo de, al menos, uno de sus representantes legales o tutores. En el caso de no contar con ello, se podr\u00e1 pedir la intervenci\u00f3n de un juez para que determine si procede la solicitud.<\/p>\n<p>&nbsp;<\/p>\n<p>Desde el Gobierno se mostraron satisfechos con la aprobaci\u00f3n de la iniciativa. El ministro de la Segpres, Gonzalo Blumel, manifest\u00f3 que \u201cvaloramos que se haya aprobado el proyecto que present\u00f3 el Presidente de la Rep\u00fablica, que resuelve de una manera responsable y ser\u00eda un tema que es importante, el tema de las personas que requieren una legislaci\u00f3n en materia de cambio de identidad de g\u00e9nero\u201d.<\/p>\n<p>&nbsp;<\/p>\n<p>\u201cEntendemos que en esto debe primar la libertad de conciencia, son temas muy profundos, son temas val\u00f3ricos, y hay que respetar esa diversidad y ese pluralismo que existe, no solo en los sectores pol\u00edticos, sino tambi\u00e9n en la sociedad\u201d, agreg\u00f3 Blumel.<\/p>\n<p>&nbsp;<\/p>\n<p>Otro de los que celebr\u00f3 la aprobaci\u00f3n del proyecto fue el ministro de Justicia, Hern\u00e1n Larra\u00edn, quien adem\u00e1s valor\u00f3 que se haya rechazado la inclusi\u00f3n de ni\u00f1as y ni\u00f1os, algo que, a su juicio, era un error, ya que los menores de 14 a\u00f1os no tienen la capacidad de decidir por s\u00ed mismos.<\/p>\n<p>&nbsp;<\/p>\n<p>Sin embargo, desde la Fundaci\u00f3n Iguales, aunque destacaron la aprobaci\u00f3n de la iniciativa, cuestionaron que se haya dejado fuera a los menores de 14 a\u00f1os. \u201cEs un tremendo logro que el Senado haya aprobado el proyecto y que, a su vez, haya reconocido el derecho a la identidad de g\u00e9nero de adolescentes trans. Sin embargo, es lamentable que haya excluido a ni\u00f1os y ni\u00f1as, quienes tambi\u00e9n son sujetos de derechos y, por ende, tambi\u00e9n tienen derecho al reconocimiento de su derecho a la identidad de g\u00e9nero, tal como lo ha reconocido el Poder Ejecutivo, Judicial, la Corte Interamericana de DDHH, entre otros\u201d, dijo la directora jur\u00eddica de esta instituci\u00f3n, Jimena Lizama.<\/p>\n<p>&nbsp;<\/p>\n<p>Ahora el proyecto pasar\u00e1 por la C\u00e1mara de Diputados y posteriormente ser\u00e1 revisado por el Presidente Sebasti\u00e1n Pi\u00f1era, quien deber\u00e1 aprobarlo o rechazarlo en un plazo de 30 d\u00edas.<\/p>\n","protected":false},"excerpt":{"rendered":"<p>El Senado aprob\u00f3 este martes, con 26 votos a favor y 14 en contra, la Ley de Identidad de G\u00e9nero, por lo que adultos y adolescentes que tengan entre 14 y 18 a\u00f1os de edad podr\u00e1n optar al cambio de sexo registral &nbsp; &nbsp; &nbsp; &nbsp; Sin embargo, los menores de 14 fueron excluidos de la iniciativa, debido a la falta de quorum. Este segundo punto del proyecto obtuvo 22 votos a favor y 18 en contra. Para su aprobaci\u00f3n, eran necesarios 25 votos. &nbsp; Es por esto que solo&#8230;<\/p>\n","protected":false},"author":3,"featured_media":32686,"comment_status":"closed","ping_status":"closed","sticky":false,"template":"","format":"standard","meta":[],"categories":[4],"tags":[],"_links":{"self":[{"href":"https:\/\/www.actualidadadiario.com\/index.php\/wp-json\/wp\/v2\/posts\/32685"}],"collection":[{"href":"https:\/\/www.actualidadadiario.com\/index.php\/wp-json\/wp\/v2\/posts"}],"about":[{"href":"https:\/\/www.actualidadadiario.com\/index.php\/wp-json\/wp\/v2\/types\/post"}],"author":[{"embeddable":true,"href":"https:\/\/www.actualidadadiario.com\/index.php\/wp-json\/wp\/v2\/users\/3"}],"replies":[{"embeddable":true,"href":"https:\/\/www.actualidadadiario.com\/index.php\/wp-json\/wp\/v2\/comments?post=32685"}],"version-history":[{"count":1,"href":"https:\/\/www.actualidadadiario.com\/index.php\/wp-json\/wp\/v2\/posts\/32685\/revisions"}],"predecessor-version":[{"id":32687,"href":"https:\/\/www.actualidadadiario.com\/index.php\/wp-json\/wp\/v2\/posts\/32685\/revisions\/32687"}],"wp:featuredmedia":[{"embeddable":true,"href":"https:\/\/www.actualidadadiario.com\/index.php\/wp-json\/wp\/v2\/media\/32686"}],"wp:attachment":[{"href":"https:\/\/www.actualidadadiario.com\/index.php\/wp-json\/wp\/v2\/media?parent=32685"}],"wp:term":[{"taxonomy":"category","embeddable":true,"href":"https:\/\/www.actualidadadiario.com\/index.php\/wp-json\/wp\/v2\/categories?post=32685"},{"taxonomy":"post_tag","embeddable":true,"href":"https:\/\/www.actualidadadiario.com\/index.php\/wp-json\/wp\/v2\/tags?post=32685"}],"curies":[{"name":"wp","href":"https:\/\/api.w.org\/{rel}","templated":true}]}}