{"id":32682,"date":"2018-09-05T10:57:55","date_gmt":"2018-09-05T13:57:55","guid":{"rendered":"https:\/\/www.actualidadadiario.com\/?p=32682"},"modified":"2018-11-06T19:38:22","modified_gmt":"2018-11-06T22:38:22","slug":"reclamo-por-lula-ante-la-onu","status":"publish","type":"post","link":"https:\/\/www.actualidadadiario.com\/index.php\/2018\/09\/05\/reclamo-por-lula-ante-la-onu\/","title":{"rendered":"Reclamo por Lula ante la ONU"},"content":{"rendered":"<p><em><strong>D\u00edas despu\u00e9s de que la Justicia electoral rechazara la postulaci\u00f3n del ex mandatario brasile\u00f1o, la Fiscal\u00eda denunci\u00f3 ayer por corrupci\u00f3n a Fernando Haddad, candidato a vicepresidente del Partido de los Trabajadores<\/strong><\/em><\/p>\n<p>&nbsp;<\/p>\n<p>&nbsp;<\/p>\n<p>&nbsp;<\/p>\n<p>&nbsp;<\/p>\n<p>La defensa de Luiz In\u00e1cio Lula da Silva present\u00f3 ayer un pedido ante el Comit\u00e9 de Derechos Humanos de la ONU para que el organismo se pronuncie de cara a la prohibici\u00f3n que el Tribunal supremo Electoral (TSE) le impuso al ex presidente para competir en las elecciones del 7 de octubre. Adem\u00e1s, en el marco de la persecuci\u00f3n judicial al ex mandatario, la Fiscal\u00eda brasile\u00f1a denunci\u00f3 ayer por corrupci\u00f3n a Fernando Haddad, candidato a vicepresidente de Lula.<\/p>\n<p>&nbsp;<\/p>\n<p>Seg\u00fan el Partido de los Trabajadores (PT), la medida de acudir a la Organizaci\u00f3n internacional, es en pos de asegurar que Brasil cumpla con el pronunciamiento de la ONU, de modo que le exigir\u00e1n a este organismo un nuevo documento donde reitere la obligaci\u00f3n del Estado brasile\u00f1o a cumplir con sus obligaciones internacionales. En este sentido, la presidenta del PT, Gleisi Hoffmann, asegur\u00f3 que agotar\u00e1n todas las instancias necesarias para validar la candidatura de Lula, debido a la actitud arbitraria que la justicia adopt\u00f3 al prohibir la participaci\u00f3n del ex mandatario brasile\u00f1o, sobre todo desestimando el pronunciamiento del Comit\u00e9 de Derechos Humanos. \u201cDesde el principio dijimos que \u00edbamos a defender la candidatura de Lula porque creemos que tiene derecho a ser candidato y est\u00e1 preso injustamente. No dejaremos atr\u00e1s a un compa\u00f1ero inocente, adem\u00e1s es quien lidera todas las encuestas, a pesar de estar cumpliendo 150 d\u00edas como preso pol\u00edtico. Por eso la lucha por la candidatura de Lula tambi\u00e9n es la lucha por el derecho de la poblaci\u00f3n\u201d. Adem\u00e1s Gleisi reafirm\u00f3 la importancia de denunciar la grave situaci\u00f3n que est\u00e1 ocurriendo en el pa\u00eds y repudi\u00f3 los ataques violentos hechos por el candidato a la presidencia del Partido Social Liberal (PSL) a Lula y al PT, conocidos este s\u00e1bado luego de la circulaci\u00f3n de un video donde Bolsonaro amenaz\u00f3 con fusilar a los simpatizantes de izquierda.<\/p>\n<p>&nbsp;<\/p>\n<p>Por otro lado, la denuncia de la fiscal\u00eda hacia Haddad, se basa en una confesi\u00f3n realizada por el empresario Ricardo Pessoa, expresidente de la constructora UTC Ingenier\u00eda. La fiscal\u00eda acus\u00f3 Haddad de recibir de manera indirecta recursos para su campa\u00f1a de reelecci\u00f3n como alcalde de San Pablo en el 2012. Seg\u00fan la denuncia, la constructora UTC habr\u00eda pagado una deuda de 2,6 millones de reales (cerca de 626.500 d\u00f3lares) para la campa\u00f1a de 2012. Sin embargo, hasta el momento Haddad no se pronunci\u00f3 al respecto, y contin\u00faa exigiendo junto al PT, la liberaci\u00f3n del mandatario. \u201cVamos a tomar todas las medidas para que el pueblo pueda elegir al pr\u00f3ximo presidente de la Rep\u00fablica sin los artificios que est\u00e1n siendo desplegados para sacar a Lula de la carrera presidencial\u201d, explic\u00f3 Haddad luego de conocerse este lunes la decisi\u00f3n del TSE.<\/p>\n<p>&nbsp;<\/p>\n<p>Lula, quien est\u00e1 preso en Curitiba desde el siete de abril luego de que el juez S\u00e9rgio Moro lo imputara con la mega causa Lava Jato, lidera las encuestas con un 39 por ciento de intenci\u00f3n de voto, seg\u00fan las \u00faltimas encuestas de Datafolha. En caso de continuar la proscripci\u00f3n del ex mandatario, Manuela D\u2019 \u00c0vila, quien fue candidata a la presidencia por el Partido Comunista de Brasil (PCdB), acompa\u00f1ar\u00eda a Haddad como vicepresidenta. Sin embargo, en el posible escenario sin Lula, el ultraderechista, Jair Bolsonaro, lidera la intenci\u00f3n de voto. En ese caso, el voto de la izquierda se repartir\u00eda entre Marina Silva por el partido Red de sustentabilidad (Rede), con el 16 por ciento, y el ex ministro, Ciro Gomes, del Partido Democr\u00e1tico Laboralista (PDT), con el 10 por ciento. El ex militar que llegar\u00eda al poder si persiste la proscripci\u00f3n al ex mandatario, fue denunciado penalmente el lunes luego de amenazar en un video que fusilar\u00eda al electorado de izquierda.<\/p>\n","protected":false},"excerpt":{"rendered":"<p>D\u00edas despu\u00e9s de que la Justicia electoral rechazara la postulaci\u00f3n del ex mandatario brasile\u00f1o, la Fiscal\u00eda denunci\u00f3 ayer por corrupci\u00f3n a Fernando Haddad, candidato a vicepresidente del Partido de los Trabajadores &nbsp; &nbsp; &nbsp; &nbsp; La defensa de Luiz In\u00e1cio Lula da Silva present\u00f3 ayer un pedido ante el Comit\u00e9 de Derechos Humanos de la ONU para que el organismo se pronuncie de cara a la prohibici\u00f3n que el Tribunal supremo Electoral (TSE) le impuso al ex presidente para competir en las elecciones del 7 de octubre. Adem\u00e1s, en el&#8230;<\/p>\n","protected":false},"author":3,"featured_media":32683,"comment_status":"closed","ping_status":"closed","sticky":false,"template":"","format":"standard","meta":[],"categories":[4],"tags":[],"_links":{"self":[{"href":"https:\/\/www.actualidadadiario.com\/index.php\/wp-json\/wp\/v2\/posts\/32682"}],"collection":[{"href":"https:\/\/www.actualidadadiario.com\/index.php\/wp-json\/wp\/v2\/posts"}],"about":[{"href":"https:\/\/www.actualidadadiario.com\/index.php\/wp-json\/wp\/v2\/types\/post"}],"author":[{"embeddable":true,"href":"https:\/\/www.actualidadadiario.com\/index.php\/wp-json\/wp\/v2\/users\/3"}],"replies":[{"embeddable":true,"href":"https:\/\/www.actualidadadiario.com\/index.php\/wp-json\/wp\/v2\/comments?post=32682"}],"version-history":[{"count":1,"href":"https:\/\/www.actualidadadiario.com\/index.php\/wp-json\/wp\/v2\/posts\/32682\/revisions"}],"predecessor-version":[{"id":32684,"href":"https:\/\/www.actualidadadiario.com\/index.php\/wp-json\/wp\/v2\/posts\/32682\/revisions\/32684"}],"wp:featuredmedia":[{"embeddable":true,"href":"https:\/\/www.actualidadadiario.com\/index.php\/wp-json\/wp\/v2\/media\/32683"}],"wp:attachment":[{"href":"https:\/\/www.actualidadadiario.com\/index.php\/wp-json\/wp\/v2\/media?parent=32682"}],"wp:term":[{"taxonomy":"category","embeddable":true,"href":"https:\/\/www.actualidadadiario.com\/index.php\/wp-json\/wp\/v2\/categories?post=32682"},{"taxonomy":"post_tag","embeddable":true,"href":"https:\/\/www.actualidadadiario.com\/index.php\/wp-json\/wp\/v2\/tags?post=32682"}],"curies":[{"name":"wp","href":"https:\/\/api.w.org\/{rel}","templated":true}]}}